{"id":12025,"date":"2026-02-07T11:38:57","date_gmt":"2026-02-07T17:38:57","guid":{"rendered":"https:\/\/www.diarioholaveracruz.com.mx\/sitio\/?p=12025"},"modified":"2026-02-07T11:38:57","modified_gmt":"2026-02-07T17:38:57","slug":"daniel-cortina-recorrio-la-colonia-anahuac-para-escuchar-y-atender-a-la-ciudadania-2","status":"publish","type":"post","link":"https:\/\/www.diarioholaveracruz.com.mx\/sitio\/daniel-cortina-recorrio-la-colonia-anahuac-para-escuchar-y-atender-a-la-ciudadania-2\/","title":{"rendered":"Daniel Cortina recorri\u00f3 la colonia An\u00e1huac para escuchar y atender a la ciudadan\u00eda"},"content":{"rendered":"<p>\u2014 Un gobierno cercano que camina el territorio y trabaja junto a la gente<\/p>\n<p>Tuxpan, Veracruz; 06 de febrero de 2026.- Este viernes, el alcalde Daniel Cortina Mart\u00ednez realiz\u00f3 un recorrido por la colonia An\u00e1huac, reafirmando que el cambio empieza en la calle, escuchando y atendiendo de frente las necesidades de la gente.<\/p>\n<p>Durante la visita, el presidente municipal camin\u00f3 junto a vecinas y vecinos para conocer de primera mano las principales solicitudes de la colonia, relacionadas con servicios municipales y obras p\u00fablicas, como alumbrado, recolecci\u00f3n de basura, rehabilitaci\u00f3n de zanja pluvial, aguas negras y el mantenimiento del campo \u201cJorge Guti\u00e9rrez\u201d.<\/p>\n<p>Daniel Cortina destac\u00f3 la importancia de trabajar todos juntos, gobierno y ciudadan\u00eda, para mejorar la ciudad y fortalecer una cultura de cuidado, especialmente en el manejo de la basura, como base para un Tuxpan m\u00e1s limpio y ordenado.<\/p>\n<p>Vecinas y vecinos agradecieron la cercan\u00eda, el apoyo y la disposici\u00f3n del alcalde y su equipo de trabajo para escuchar y dar seguimiento a las necesidades planteadas.<\/p>\n<p>Con este tipo de recorridos, se avanza en la construcci\u00f3n de un gobierno de territorio, cercano a la gente, que camina las colonias y construye soluciones desde la realidad de cada rinc\u00f3n.<div id='gallery-1' class='gallery galleryid-12025 gallery-columns-3 gallery-size-thumbnail'><figure class='gallery-item'>\n\t\t\t<div class='gallery-icon landscape'>\n\t\t\t\t<a href='https:\/\/www.diarioholaveracruz.com.mx\/sitio\/daniel-cortina-recorrio-la-colonia-anahuac-para-escuchar-y-atender-a-la-ciudadania-2\/img-20260206-wa0057-2\/'><img loading=\"lazy\" loading=\"lazy\" decoding=\"async\" width=\"150\" height=\"150\" src=\"https:\/\/www.diarioholaveracruz.com.mx\/sitio\/wp-content\/uploads\/2026\/02\/IMG-20260206-WA0057-1-150x150.jpg\" class=\"attachment-thumbnail size-thumbnail\" alt=\"\" \/><\/a>\n\t\t\t<\/div><\/figure><figure class='gallery-item'>\n\t\t\t<div class='gallery-icon landscape'>\n\t\t\t\t<a href='https:\/\/www.diarioholaveracruz.com.mx\/sitio\/daniel-cortina-recorrio-la-colonia-anahuac-para-escuchar-y-atender-a-la-ciudadania-2\/img-20260206-wa0058-2\/'><img loading=\"lazy\" loading=\"lazy\" decoding=\"async\" width=\"150\" height=\"150\" src=\"https:\/\/www.diarioholaveracruz.com.mx\/sitio\/wp-content\/uploads\/2026\/02\/IMG-20260206-WA0058-1-150x150.jpg\" class=\"attachment-thumbnail size-thumbnail\" alt=\"\" \/><\/a>\n\t\t\t<\/div><\/figure><figure class='gallery-item'>\n\t\t\t<div class='gallery-icon landscape'>\n\t\t\t\t<a href='https:\/\/www.diarioholaveracruz.com.mx\/sitio\/daniel-cortina-recorrio-la-colonia-anahuac-para-escuchar-y-atender-a-la-ciudadania-2\/img-20260206-wa0059-2\/'><img loading=\"lazy\" loading=\"lazy\" decoding=\"async\" width=\"150\" height=\"150\" src=\"https:\/\/www.diarioholaveracruz.com.mx\/sitio\/wp-content\/uploads\/2026\/02\/IMG-20260206-WA0059-1-150x150.jpg\" class=\"attachment-thumbnail size-thumbnail\" alt=\"\" \/><\/a>\n\t\t\t<\/div><\/figure><figure class='gallery-item'>\n\t\t\t<div class='gallery-icon landscape'>\n\t\t\t\t<a href='https:\/\/www.diarioholaveracruz.com.mx\/sitio\/daniel-cortina-recorrio-la-colonia-anahuac-para-escuchar-y-atender-a-la-ciudadania-2\/img-20260206-wa0053-2\/'><img loading=\"lazy\" loading=\"lazy\" decoding=\"async\" width=\"150\" height=\"150\" src=\"https:\/\/www.diarioholaveracruz.com.mx\/sitio\/wp-content\/uploads\/2026\/02\/IMG-20260206-WA0053-1-150x150.jpg\" class=\"attachment-thumbnail size-thumbnail\" alt=\"\" \/><\/a>\n\t\t\t<\/div><\/figure><figure class='gallery-item'>\n\t\t\t<div class='gallery-icon landscape'>\n\t\t\t\t<a href='https:\/\/www.diarioholaveracruz.com.mx\/sitio\/daniel-cortina-recorrio-la-colonia-anahuac-para-escuchar-y-atender-a-la-ciudadania-2\/img-20260206-wa0054-2\/'><img loading=\"lazy\" loading=\"lazy\" decoding=\"async\" width=\"150\" height=\"150\" src=\"https:\/\/www.diarioholaveracruz.com.mx\/sitio\/wp-content\/uploads\/2026\/02\/IMG-20260206-WA0054-1-150x150.jpg\" class=\"attachment-thumbnail size-thumbnail\" alt=\"\" \/><\/a>\n\t\t\t<\/div><\/figure><figure class='gallery-item'>\n\t\t\t<div class='gallery-icon portrait'>\n\t\t\t\t<a href='https:\/\/www.diarioholaveracruz.com.mx\/sitio\/daniel-cortina-recorrio-la-colonia-anahuac-para-escuchar-y-atender-a-la-ciudadania-2\/img-20260206-wa0055-2\/'><img loading=\"lazy\" loading=\"lazy\" decoding=\"async\" width=\"150\" height=\"150\" src=\"https:\/\/www.diarioholaveracruz.com.mx\/sitio\/wp-content\/uploads\/2026\/02\/IMG-20260206-WA0055-1-150x150.jpg\" class=\"attachment-thumbnail size-thumbnail\" alt=\"\" \/><\/a>\n\t\t\t<\/div><\/figure><figure class='gallery-item'>\n\t\t\t<div class='gallery-icon landscape'>\n\t\t\t\t<a href='https:\/\/www.diarioholaveracruz.com.mx\/sitio\/daniel-cortina-recorrio-la-colonia-anahuac-para-escuchar-y-atender-a-la-ciudadania-2\/img-20260206-wa0056\/'><img loading=\"lazy\" loading=\"lazy\" decoding=\"async\" width=\"150\" height=\"150\" src=\"https:\/\/www.diarioholaveracruz.com.mx\/sitio\/wp-content\/uploads\/2026\/02\/IMG-20260206-WA0056-150x150.jpg\" class=\"attachment-thumbnail size-thumbnail\" alt=\"\" \/><\/a>\n\t\t\t<\/div><\/figure>\n\t\t<\/div>\n<\/p>\n","protected":false},"excerpt":{"rendered":"<p>\u2014 Un gobierno cercano que camina el territorio y trabaja junto a la gente Tuxpan, Veracruz; 06 de febrero de 2026.- Este viernes, el alcalde Daniel Cortina Mart\u00ednez realiz\u00f3 un recorrido por la colonia An\u00e1huac, reafirmando que el cambio empieza en la calle, escuchando y atendiendo de frente las necesidades de la gente. Durante la [&hellip;]<\/p>\n","protected":false},"author":2,"featured_media":12034,"comment_status":"open","ping_status":"open","sticky":false,"template":"","format":"standard","meta":{"pagelayer_contact_templates":[],"_pagelayer_content":"","footnotes":""},"categories":[43,46],"tags":[],"class_list":{"0":"post-12025","1":"post","2":"type-post","3":"status-publish","4":"format-standard","5":"has-post-thumbnail","7":"category-notas_locales","8":"category-tuxpan"},"_links":{"self":[{"href":"https:\/\/www.diarioholaveracruz.com.mx\/sitio\/wp-json\/wp\/v2\/posts\/12025","targetHints":{"allow":["GET"]}}],"collection":[{"href":"https:\/\/www.diarioholaveracruz.com.mx\/sitio\/wp-json\/wp\/v2\/posts"}],"about":[{"href":"https:\/\/www.diarioholaveracruz.com.mx\/sitio\/wp-json\/wp\/v2\/types\/post"}],"author":[{"embeddable":true,"href":"https:\/\/www.diarioholaveracruz.com.mx\/sitio\/wp-json\/wp\/v2\/users\/2"}],"replies":[{"embeddable":true,"href":"https:\/\/www.diarioholaveracruz.com.mx\/sitio\/wp-json\/wp\/v2\/comments?post=12025"}],"version-history":[{"count":1,"href":"https:\/\/www.diarioholaveracruz.com.mx\/sitio\/wp-json\/wp\/v2\/posts\/12025\/revisions"}],"predecessor-version":[{"id":12035,"href":"https:\/\/www.diarioholaveracruz.com.mx\/sitio\/wp-json\/wp\/v2\/posts\/12025\/revisions\/12035"}],"wp:featuredmedia":[{"embeddable":true,"href":"https:\/\/www.diarioholaveracruz.com.mx\/sitio\/wp-json\/wp\/v2\/media\/12034"}],"wp:attachment":[{"href":"https:\/\/www.diarioholaveracruz.com.mx\/sitio\/wp-json\/wp\/v2\/media?parent=12025"}],"wp:term":[{"taxonomy":"category","embeddable":true,"href":"https:\/\/www.diarioholaveracruz.com.mx\/sitio\/wp-json\/wp\/v2\/categories?post=12025"},{"taxonomy":"post_tag","embeddable":true,"href":"https:\/\/www.diarioholaveracruz.com.mx\/sitio\/wp-json\/wp\/v2\/tags?post=12025"}],"curies":[{"name":"wp","href":"https:\/\/api.w.org\/{rel}","templated":true}]}}