{"id":13452,"date":"2026-02-20T22:18:08","date_gmt":"2026-02-21T04:18:08","guid":{"rendered":"https:\/\/www.diarioholaveracruz.com.mx\/sitio\/?p=13452"},"modified":"2026-02-20T22:18:08","modified_gmt":"2026-02-21T04:18:08","slug":"gran-noticia-ayuntamiento-de-tuxpan-ya-cuenta-con-ambulancia-para-fortalecer-la-atencion-de-emergencias-de-la-poblacion","status":"publish","type":"post","link":"https:\/\/www.diarioholaveracruz.com.mx\/sitio\/gran-noticia-ayuntamiento-de-tuxpan-ya-cuenta-con-ambulancia-para-fortalecer-la-atencion-de-emergencias-de-la-poblacion\/","title":{"rendered":"Gran noticia: Ayuntamiento de Tuxpan ya cuenta con ambulancia para fortalecer la atenci\u00f3n de emergencias de la poblaci\u00f3n"},"content":{"rendered":"<p>\u2014 La unidad estar\u00e1 operada por personal capacitado de Protecci\u00f3n Civil<\/p>\n<p>Tuxpan, Veracruz; 20 de febrero de 2026.\u2013 El presidente municipal, Daniel Cortina Mart\u00ednez, anunci\u00f3 la ma\u00f1ana de este viernes que el H. Ayuntamiento de Tuxpan ya cuenta con una ambulancia que viene a reforzar la atenci\u00f3n de emergencias y el cuidado de la salud de la poblaci\u00f3n, representando un logro importante para el municipio.<\/p>\n<p>Esta unidad municipal est\u00e1 en \u00f3ptimas condiciones, 100% funcional y lista para brindar servicio a la ciudadan\u00eda que lo requiera, especialmente en traslados r\u00e1pidos y seguros para quienes m\u00e1s lo necesitan. M\u00e1s que un veh\u00edculo, esta ambulancia significa respaldo, oportunidad y tranquilidad para las familias tuxpe\u00f1as en momentos dif\u00edciles.<\/p>\n<p>La ambulancia del Ayuntamiento entr\u00f3 en operaci\u00f3n en el Hospital Imss-Bienestar Tuxpan \u201cDr. Emilio Alc\u00e1zar\u201d, realizando el traslado de una paciente que fue dada de alta a su domicilio. Un hecho que refleja de manera clara el beneficio directo que esta unidad ya est\u00e1 generando en la vida de las personas.<\/p>\n<p>El alcalde destac\u00f3 que esta acci\u00f3n forma parte del compromiso de su administraci\u00f3n por trabajar con responsabilidad, orden y profundo sentido humano, asegurando que los servicios p\u00fablicos est\u00e9n a la altura de lo que las y los tuxpe\u00f1os merecen.<\/p>\n<p>Cabe se\u00f1alar que la operaci\u00f3n de la ambulancia estar\u00e1 a cargo de personal capacitado de Protecci\u00f3n Civil, garantizando atenci\u00f3n oportuna, profesional y con vocaci\u00f3n de servicio en cada traslado.<\/p>\n<p>Con acciones concretas como esta, el Gobierno Municipal contin\u00faa impulsando medidas que mejoran la calidad de vida y el bienestar de la poblaci\u00f3n, reafirmando su compromiso de servir y responder con hechos a las necesidades de Tuxpan.<div id='gallery-1' class='gallery galleryid-13452 gallery-columns-3 gallery-size-thumbnail'><figure class='gallery-item'>\n\t\t\t<div class='gallery-icon landscape'>\n\t\t\t\t<a href='https:\/\/www.diarioholaveracruz.com.mx\/sitio\/img-20260220-wa0063\/'><img loading=\"lazy\" loading=\"lazy\" decoding=\"async\" width=\"150\" height=\"150\" src=\"https:\/\/www.diarioholaveracruz.com.mx\/sitio\/wp-content\/uploads\/2026\/02\/IMG-20260220-WA0063-150x150.jpg\" class=\"attachment-thumbnail size-thumbnail\" alt=\"\" \/><\/a>\n\t\t\t<\/div><\/figure><figure class='gallery-item'>\n\t\t\t<div class='gallery-icon landscape'>\n\t\t\t\t<a href='https:\/\/www.diarioholaveracruz.com.mx\/sitio\/img-20260220-wa0065\/'><img loading=\"lazy\" loading=\"lazy\" decoding=\"async\" width=\"150\" height=\"150\" src=\"https:\/\/www.diarioholaveracruz.com.mx\/sitio\/wp-content\/uploads\/2026\/02\/IMG-20260220-WA0065-150x150.jpg\" class=\"attachment-thumbnail size-thumbnail\" alt=\"\" \/><\/a>\n\t\t\t<\/div><\/figure><figure class='gallery-item'>\n\t\t\t<div class='gallery-icon landscape'>\n\t\t\t\t<a href='https:\/\/www.diarioholaveracruz.com.mx\/sitio\/img-20260220-wa0064\/'><img loading=\"lazy\" loading=\"lazy\" decoding=\"async\" width=\"150\" height=\"150\" src=\"https:\/\/www.diarioholaveracruz.com.mx\/sitio\/wp-content\/uploads\/2026\/02\/IMG-20260220-WA0064-150x150.jpg\" class=\"attachment-thumbnail size-thumbnail\" alt=\"\" \/><\/a>\n\t\t\t<\/div><\/figure><figure class='gallery-item'>\n\t\t\t<div class='gallery-icon landscape'>\n\t\t\t\t<a href='https:\/\/www.diarioholaveracruz.com.mx\/sitio\/img-20260220-wa0066\/'><img loading=\"lazy\" loading=\"lazy\" decoding=\"async\" width=\"150\" height=\"150\" src=\"https:\/\/www.diarioholaveracruz.com.mx\/sitio\/wp-content\/uploads\/2026\/02\/IMG-20260220-WA0066-150x150.jpg\" class=\"attachment-thumbnail size-thumbnail\" alt=\"\" \/><\/a>\n\t\t\t<\/div><\/figure><figure class='gallery-item'>\n\t\t\t<div class='gallery-icon landscape'>\n\t\t\t\t<a href='https:\/\/www.diarioholaveracruz.com.mx\/sitio\/img-20260220-wa0067\/'><img loading=\"lazy\" loading=\"lazy\" decoding=\"async\" width=\"150\" height=\"150\" src=\"https:\/\/www.diarioholaveracruz.com.mx\/sitio\/wp-content\/uploads\/2026\/02\/IMG-20260220-WA0067-150x150.jpg\" class=\"attachment-thumbnail size-thumbnail\" alt=\"\" \/><\/a>\n\t\t\t<\/div><\/figure>\n\t\t<\/div>\n<\/p>\n","protected":false},"excerpt":{"rendered":"<p>\u2014 La unidad estar\u00e1 operada por personal capacitado de Protecci\u00f3n Civil Tuxpan, Veracruz; 20 de febrero de 2026.\u2013 El presidente municipal, Daniel Cortina Mart\u00ednez, anunci\u00f3 la ma\u00f1ana de este viernes que el H. Ayuntamiento de Tuxpan ya cuenta con una ambulancia que viene a reforzar la atenci\u00f3n de emergencias y el cuidado de la salud [&hellip;]<\/p>\n","protected":false},"author":2,"featured_media":13505,"comment_status":"open","ping_status":"open","sticky":false,"template":"","format":"standard","meta":{"pagelayer_contact_templates":[],"_pagelayer_content":"","footnotes":""},"categories":[43,46],"tags":[],"class_list":{"0":"post-13452","1":"post","2":"type-post","3":"status-publish","4":"format-standard","5":"has-post-thumbnail","7":"category-notas_locales","8":"category-tuxpan"},"_links":{"self":[{"href":"https:\/\/www.diarioholaveracruz.com.mx\/sitio\/wp-json\/wp\/v2\/posts\/13452","targetHints":{"allow":["GET"]}}],"collection":[{"href":"https:\/\/www.diarioholaveracruz.com.mx\/sitio\/wp-json\/wp\/v2\/posts"}],"about":[{"href":"https:\/\/www.diarioholaveracruz.com.mx\/sitio\/wp-json\/wp\/v2\/types\/post"}],"author":[{"embeddable":true,"href":"https:\/\/www.diarioholaveracruz.com.mx\/sitio\/wp-json\/wp\/v2\/users\/2"}],"replies":[{"embeddable":true,"href":"https:\/\/www.diarioholaveracruz.com.mx\/sitio\/wp-json\/wp\/v2\/comments?post=13452"}],"version-history":[{"count":1,"href":"https:\/\/www.diarioholaveracruz.com.mx\/sitio\/wp-json\/wp\/v2\/posts\/13452\/revisions"}],"predecessor-version":[{"id":13524,"href":"https:\/\/www.diarioholaveracruz.com.mx\/sitio\/wp-json\/wp\/v2\/posts\/13452\/revisions\/13524"}],"wp:featuredmedia":[{"embeddable":true,"href":"https:\/\/www.diarioholaveracruz.com.mx\/sitio\/wp-json\/wp\/v2\/media\/13505"}],"wp:attachment":[{"href":"https:\/\/www.diarioholaveracruz.com.mx\/sitio\/wp-json\/wp\/v2\/media?parent=13452"}],"wp:term":[{"taxonomy":"category","embeddable":true,"href":"https:\/\/www.diarioholaveracruz.com.mx\/sitio\/wp-json\/wp\/v2\/categories?post=13452"},{"taxonomy":"post_tag","embeddable":true,"href":"https:\/\/www.diarioholaveracruz.com.mx\/sitio\/wp-json\/wp\/v2\/tags?post=13452"}],"curies":[{"name":"wp","href":"https:\/\/api.w.org\/{rel}","templated":true}]}}