{"id":13885,"date":"2026-02-24T19:36:17","date_gmt":"2026-02-25T01:36:17","guid":{"rendered":"https:\/\/www.diarioholaveracruz.com.mx\/sitio\/?p=13885"},"modified":"2026-02-24T19:36:17","modified_gmt":"2026-02-25T01:36:17","slug":"siguen-operativos-de-transporte-y-seguridad-en-tuxpan-bajo-esquema-de-coordinacion-interinstitucional","status":"publish","type":"post","link":"https:\/\/www.diarioholaveracruz.com.mx\/sitio\/siguen-operativos-de-transporte-y-seguridad-en-tuxpan-bajo-esquema-de-coordinacion-interinstitucional\/","title":{"rendered":"Siguen operativos de transporte y seguridad en Tuxpan bajo esquema de coordinaci\u00f3n interinstitucional"},"content":{"rendered":"<p>En una acci\u00f3n conjunta que involucra a los tres niveles de gobierno, las autoridades de transporte p\u00fablico y vialidad en Tuxpan han intensificado los operativos de supervisi\u00f3n en diversos puntos estrat\u00e9gicos de la ciudad durante la \u00faltima semana de febrero.<\/p>\n<p>Estas movilizaciones, encabezadas por la Direcci\u00f3n de Transporte P\u00fablico del Estado en coordinaci\u00f3n con elementos federales y municipales, forman parte de una estrategia integral de seguridad y concientizaci\u00f3n vial que busca garantizar que tanto operadores como concesionarios cumplan estrictamente con la normativa vigente. <\/p>\n<p>Los puntos de revisi\u00f3n se han instalado de manera aleatoria en vialidades de alto flujo, como el libramiento Adolfo L\u00f3pez Mateos, el bulevar Independencia o bajos del Puente Tuxpan, donde el personal operativo verifica la vigencia de licencias, p\u00f3lizas de seguro y el estado f\u00edsico de las unidades, emitiendo amonestaciones generales y, en casos de reincidencia, las sanciones correspondientes.<\/p>\n<p>M\u00e1s all\u00e1 de la revisi\u00f3n documental, estas acciones se inscriben en un contexto de seguridad reforzada en la zona norte de Veracruz, derivado de recientes incidencias en las v\u00edas de comunicaci\u00f3n de la regi\u00f3n. <\/p>\n<p>Las autoridades han enfatizado que el objetivo primordial no es meramente recaudatorio, sino preventivo, instando a los conductores a respetar la se\u00f1al\u00e9tica, el uso de pasos peatonales y los l\u00edmites de velocidad para reducir el \u00edndice de siniestros viales.<\/p>\n<p>No obstante, la implementaci\u00f3n de estos filtros ha generado reacciones mixtas en el sector transportista; mientras algunos sectores aplauden el ordenamiento, otros han manifestado su inquietud ante las demoras y la saturaci\u00f3n del servicio que estas inspecciones pueden provocar en horas pico. <\/p>\n<p>Ante esto, el gobierno estatal ha reafirmado su compromiso de mantener la vigilancia permanente para ofrecer un servicio de transporte digno y seguro para la ciudadan\u00eda tuxpe\u00f1a, exhortando a la poblaci\u00f3n a mantenerse informada a trav\u00e9s de los canales oficiales.<div id='gallery-1' class='gallery galleryid-13885 gallery-columns-3 gallery-size-thumbnail'><figure class='gallery-item'>\n\t\t\t<div class='gallery-icon landscape'>\n\t\t\t\t<a href='https:\/\/www.diarioholaveracruz.com.mx\/sitio\/img-20260224-wa0079\/'><img loading=\"lazy\" loading=\"lazy\" decoding=\"async\" width=\"150\" height=\"150\" src=\"https:\/\/www.diarioholaveracruz.com.mx\/sitio\/wp-content\/uploads\/2026\/02\/IMG-20260224-WA0079-150x150.jpg\" class=\"attachment-thumbnail size-thumbnail\" alt=\"\" \/><\/a>\n\t\t\t<\/div><\/figure><figure class='gallery-item'>\n\t\t\t<div class='gallery-icon portrait'>\n\t\t\t\t<a href='https:\/\/www.diarioholaveracruz.com.mx\/sitio\/img-20260224-wa0078\/'><img loading=\"lazy\" loading=\"lazy\" decoding=\"async\" width=\"150\" height=\"150\" src=\"https:\/\/www.diarioholaveracruz.com.mx\/sitio\/wp-content\/uploads\/2026\/02\/IMG-20260224-WA0078-150x150.jpg\" class=\"attachment-thumbnail size-thumbnail\" alt=\"\" \/><\/a>\n\t\t\t<\/div><\/figure><figure class='gallery-item'>\n\t\t\t<div class='gallery-icon landscape'>\n\t\t\t\t<a href='https:\/\/www.diarioholaveracruz.com.mx\/sitio\/img-20260224-wa0081\/'><img loading=\"lazy\" loading=\"lazy\" decoding=\"async\" width=\"150\" height=\"150\" src=\"https:\/\/www.diarioholaveracruz.com.mx\/sitio\/wp-content\/uploads\/2026\/02\/IMG-20260224-WA0081-150x150.jpg\" class=\"attachment-thumbnail size-thumbnail\" alt=\"\" \/><\/a>\n\t\t\t<\/div><\/figure>\n\t\t<\/div>\n<\/p>\n","protected":false},"excerpt":{"rendered":"<p>En una acci\u00f3n conjunta que involucra a los tres niveles de gobierno, las autoridades de transporte p\u00fablico y vialidad en Tuxpan han intensificado los operativos de supervisi\u00f3n en diversos puntos estrat\u00e9gicos de la ciudad durante la \u00faltima semana de febrero. Estas movilizaciones, encabezadas por la Direcci\u00f3n de Transporte P\u00fablico del Estado en coordinaci\u00f3n con elementos [&hellip;]<\/p>\n","protected":false},"author":2,"featured_media":13910,"comment_status":"open","ping_status":"open","sticky":false,"template":"","format":"standard","meta":{"pagelayer_contact_templates":[],"_pagelayer_content":"","footnotes":""},"categories":[43,46],"tags":[],"class_list":{"0":"post-13885","1":"post","2":"type-post","3":"status-publish","4":"format-standard","5":"has-post-thumbnail","7":"category-notas_locales","8":"category-tuxpan"},"_links":{"self":[{"href":"https:\/\/www.diarioholaveracruz.com.mx\/sitio\/wp-json\/wp\/v2\/posts\/13885","targetHints":{"allow":["GET"]}}],"collection":[{"href":"https:\/\/www.diarioholaveracruz.com.mx\/sitio\/wp-json\/wp\/v2\/posts"}],"about":[{"href":"https:\/\/www.diarioholaveracruz.com.mx\/sitio\/wp-json\/wp\/v2\/types\/post"}],"author":[{"embeddable":true,"href":"https:\/\/www.diarioholaveracruz.com.mx\/sitio\/wp-json\/wp\/v2\/users\/2"}],"replies":[{"embeddable":true,"href":"https:\/\/www.diarioholaveracruz.com.mx\/sitio\/wp-json\/wp\/v2\/comments?post=13885"}],"version-history":[{"count":1,"href":"https:\/\/www.diarioholaveracruz.com.mx\/sitio\/wp-json\/wp\/v2\/posts\/13885\/revisions"}],"predecessor-version":[{"id":13936,"href":"https:\/\/www.diarioholaveracruz.com.mx\/sitio\/wp-json\/wp\/v2\/posts\/13885\/revisions\/13936"}],"wp:featuredmedia":[{"embeddable":true,"href":"https:\/\/www.diarioholaveracruz.com.mx\/sitio\/wp-json\/wp\/v2\/media\/13910"}],"wp:attachment":[{"href":"https:\/\/www.diarioholaveracruz.com.mx\/sitio\/wp-json\/wp\/v2\/media?parent=13885"}],"wp:term":[{"taxonomy":"category","embeddable":true,"href":"https:\/\/www.diarioholaveracruz.com.mx\/sitio\/wp-json\/wp\/v2\/categories?post=13885"},{"taxonomy":"post_tag","embeddable":true,"href":"https:\/\/www.diarioholaveracruz.com.mx\/sitio\/wp-json\/wp\/v2\/tags?post=13885"}],"curies":[{"name":"wp","href":"https:\/\/api.w.org\/{rel}","templated":true}]}}