{"id":13937,"date":"2026-02-24T19:42:05","date_gmt":"2026-02-25T01:42:05","guid":{"rendered":"https:\/\/www.diarioholaveracruz.com.mx\/sitio\/?p=13937"},"modified":"2026-02-24T19:42:05","modified_gmt":"2026-02-25T01:42:05","slug":"educacion-y-valores-base-del-futuro-de-alamo","status":"publish","type":"post","link":"https:\/\/www.diarioholaveracruz.com.mx\/sitio\/educacion-y-valores-base-del-futuro-de-alamo\/","title":{"rendered":"Educaci\u00f3n y valores, base del futuro de \u00c1lamo"},"content":{"rendered":"<p>\u00c1LAMO, VER.\u2013 En el marco de la conmemoraci\u00f3n del D\u00eda de la Bandera, el presidente municipal Jos\u00e9 Roberto Arenas Mart\u00ednez destac\u00f3 la importancia de fortalecer los valores c\u00edvicos entre la ni\u00f1ez y juventud alamense, al considerar que la educaci\u00f3n y la formaci\u00f3n en principios son fundamentales para construir un mejor futuro para el municipio.<\/p>\n<p>Durante el acto c\u00edvico realizado en la explanada del Palacio Municipal, el alcalde reconoci\u00f3 la participaci\u00f3n de las escoltas de las distintas instituciones educativas que formaron parte del abanderamiento de escuelas, resaltando el significado de la bandera como s\u00edmbolo de identidad, esfuerzo y unidad del pueblo mexicano.<\/p>\n<p>En su intervenci\u00f3n, subray\u00f3 que la bandera representa el esp\u00edritu trabajador y solidario de los mexicanos, as\u00ed como la capacidad de salir adelante aun en momentos dif\u00edciles, haciendo referencia a los acontecimientos ocurridos en octubre pasado. Se\u00f1al\u00f3 que la formaci\u00f3n de ciudadanos responsables y comprometidos con su comunidad es una tarea que inicia desde las aulas.<\/p>\n<p>Por su parte, el regidor noveno, Jos\u00e9 Luis Batalla Vallejo, expres\u00f3 que el futuro de \u00c1lamo-Temapache se construye a partir de los valores que hoy se siembran en ni\u00f1as, ni\u00f1os y j\u00f3venes, destacando la necesidad de mantener la unidad y el compromiso social para continuar fortaleciendo al municipio.<\/p>\n<p>Durante la ceremonia se realiz\u00f3 el abanderamiento de 30 planteles educativos de todos los niveles, cuyos l\u00e1baros patrios fueron entregados por el alcalde, integrantes del Cabildo y funcionarios municipales. El acto fue organizado por directivos, docentes y estudiantes del CECyTEV Plantel 18 La Camelia, en coordinaci\u00f3n con el Ayuntamiento.<\/p>\n<p>En otro tema, el presidente municipal inform\u00f3 que continuar\u00e1 con las gestiones en la ciudad de Xalapa para avanzar en la regularizaci\u00f3n y rehabilitaci\u00f3n de 168 escuelas afectadas por las inundaciones, mediante la coordinaci\u00f3n con dependencias estatales y federales como Espacios Educativos y el INIFED, con el prop\u00f3sito de mejorar las condiciones de la infraestructura escolar en el municipio.<div id='gallery-1' class='gallery galleryid-13937 gallery-columns-3 gallery-size-thumbnail'><figure class='gallery-item'>\n\t\t\t<div class='gallery-icon landscape'>\n\t\t\t\t<a href='https:\/\/www.diarioholaveracruz.com.mx\/sitio\/img-20260224-wa0082\/'><img loading=\"lazy\" loading=\"lazy\" decoding=\"async\" width=\"150\" height=\"150\" src=\"https:\/\/www.diarioholaveracruz.com.mx\/sitio\/wp-content\/uploads\/2026\/02\/IMG-20260224-WA0082-150x150.jpg\" class=\"attachment-thumbnail size-thumbnail\" alt=\"\" \/><\/a>\n\t\t\t<\/div><\/figure><figure class='gallery-item'>\n\t\t\t<div class='gallery-icon landscape'>\n\t\t\t\t<a href='https:\/\/www.diarioholaveracruz.com.mx\/sitio\/img-20260224-wa0083\/'><img loading=\"lazy\" loading=\"lazy\" decoding=\"async\" width=\"150\" height=\"150\" src=\"https:\/\/www.diarioholaveracruz.com.mx\/sitio\/wp-content\/uploads\/2026\/02\/IMG-20260224-WA0083-150x150.jpg\" class=\"attachment-thumbnail size-thumbnail\" alt=\"\" \/><\/a>\n\t\t\t<\/div><\/figure><figure class='gallery-item'>\n\t\t\t<div class='gallery-icon landscape'>\n\t\t\t\t<a href='https:\/\/www.diarioholaveracruz.com.mx\/sitio\/img-20260224-wa0085\/'><img loading=\"lazy\" loading=\"lazy\" decoding=\"async\" width=\"150\" height=\"150\" src=\"https:\/\/www.diarioholaveracruz.com.mx\/sitio\/wp-content\/uploads\/2026\/02\/IMG-20260224-WA0085-150x150.jpg\" class=\"attachment-thumbnail size-thumbnail\" alt=\"\" \/><\/a>\n\t\t\t<\/div><\/figure><figure class='gallery-item'>\n\t\t\t<div class='gallery-icon landscape'>\n\t\t\t\t<a href='https:\/\/www.diarioholaveracruz.com.mx\/sitio\/img-20260224-wa0084\/'><img loading=\"lazy\" loading=\"lazy\" decoding=\"async\" width=\"150\" height=\"150\" src=\"https:\/\/www.diarioholaveracruz.com.mx\/sitio\/wp-content\/uploads\/2026\/02\/IMG-20260224-WA0084-150x150.jpg\" class=\"attachment-thumbnail size-thumbnail\" alt=\"\" \/><\/a>\n\t\t\t<\/div><\/figure><figure class='gallery-item'>\n\t\t\t<div class='gallery-icon portrait'>\n\t\t\t\t<a href='https:\/\/www.diarioholaveracruz.com.mx\/sitio\/img-20260224-wa0086\/'><img loading=\"lazy\" loading=\"lazy\" decoding=\"async\" width=\"150\" height=\"150\" src=\"https:\/\/www.diarioholaveracruz.com.mx\/sitio\/wp-content\/uploads\/2026\/02\/IMG-20260224-WA0086-150x150.jpg\" class=\"attachment-thumbnail size-thumbnail\" alt=\"\" \/><\/a>\n\t\t\t<\/div><\/figure><figure class='gallery-item'>\n\t\t\t<div class='gallery-icon landscape'>\n\t\t\t\t<a href='https:\/\/www.diarioholaveracruz.com.mx\/sitio\/img-20260224-wa0087\/'><img loading=\"lazy\" loading=\"lazy\" decoding=\"async\" width=\"150\" height=\"150\" src=\"https:\/\/www.diarioholaveracruz.com.mx\/sitio\/wp-content\/uploads\/2026\/02\/IMG-20260224-WA0087-150x150.jpg\" class=\"attachment-thumbnail size-thumbnail\" alt=\"\" \/><\/a>\n\t\t\t<\/div><\/figure><figure class='gallery-item'>\n\t\t\t<div class='gallery-icon landscape'>\n\t\t\t\t<a href='https:\/\/www.diarioholaveracruz.com.mx\/sitio\/img-20260224-wa0088\/'><img loading=\"lazy\" loading=\"lazy\" decoding=\"async\" width=\"150\" height=\"150\" src=\"https:\/\/www.diarioholaveracruz.com.mx\/sitio\/wp-content\/uploads\/2026\/02\/IMG-20260224-WA0088-150x150.jpg\" class=\"attachment-thumbnail size-thumbnail\" alt=\"\" \/><\/a>\n\t\t\t<\/div><\/figure>\n\t\t<\/div>\n<\/p>\n","protected":false},"excerpt":{"rendered":"<p>\u00c1LAMO, VER.\u2013 En el marco de la conmemoraci\u00f3n del D\u00eda de la Bandera, el presidente municipal Jos\u00e9 Roberto Arenas Mart\u00ednez destac\u00f3 la importancia de fortalecer los valores c\u00edvicos entre la ni\u00f1ez y juventud alamense, al considerar que la educaci\u00f3n y la formaci\u00f3n en principios son fundamentales para construir un mejor futuro para el municipio. Durante [&hellip;]<\/p>\n","protected":false},"author":2,"featured_media":13905,"comment_status":"open","ping_status":"open","sticky":false,"template":"","format":"standard","meta":{"pagelayer_contact_templates":[],"_pagelayer_content":"","footnotes":""},"categories":[48,43],"tags":[],"class_list":{"0":"post-13937","1":"post","2":"type-post","3":"status-publish","4":"format-standard","5":"has-post-thumbnail","7":"category-alamo","8":"category-notas_locales"},"_links":{"self":[{"href":"https:\/\/www.diarioholaveracruz.com.mx\/sitio\/wp-json\/wp\/v2\/posts\/13937","targetHints":{"allow":["GET"]}}],"collection":[{"href":"https:\/\/www.diarioholaveracruz.com.mx\/sitio\/wp-json\/wp\/v2\/posts"}],"about":[{"href":"https:\/\/www.diarioholaveracruz.com.mx\/sitio\/wp-json\/wp\/v2\/types\/post"}],"author":[{"embeddable":true,"href":"https:\/\/www.diarioholaveracruz.com.mx\/sitio\/wp-json\/wp\/v2\/users\/2"}],"replies":[{"embeddable":true,"href":"https:\/\/www.diarioholaveracruz.com.mx\/sitio\/wp-json\/wp\/v2\/comments?post=13937"}],"version-history":[{"count":1,"href":"https:\/\/www.diarioholaveracruz.com.mx\/sitio\/wp-json\/wp\/v2\/posts\/13937\/revisions"}],"predecessor-version":[{"id":13952,"href":"https:\/\/www.diarioholaveracruz.com.mx\/sitio\/wp-json\/wp\/v2\/posts\/13937\/revisions\/13952"}],"wp:featuredmedia":[{"embeddable":true,"href":"https:\/\/www.diarioholaveracruz.com.mx\/sitio\/wp-json\/wp\/v2\/media\/13905"}],"wp:attachment":[{"href":"https:\/\/www.diarioholaveracruz.com.mx\/sitio\/wp-json\/wp\/v2\/media?parent=13937"}],"wp:term":[{"taxonomy":"category","embeddable":true,"href":"https:\/\/www.diarioholaveracruz.com.mx\/sitio\/wp-json\/wp\/v2\/categories?post=13937"},{"taxonomy":"post_tag","embeddable":true,"href":"https:\/\/www.diarioholaveracruz.com.mx\/sitio\/wp-json\/wp\/v2\/tags?post=13937"}],"curies":[{"name":"wp","href":"https:\/\/api.w.org\/{rel}","templated":true}]}}