{"id":14093,"date":"2026-02-26T18:41:09","date_gmt":"2026-02-27T00:41:09","guid":{"rendered":"https:\/\/www.diarioholaveracruz.com.mx\/sitio\/?p=14093"},"modified":"2026-02-26T18:41:09","modified_gmt":"2026-02-27T00:41:09","slug":"arranca-el-festival-del-dulce-de-coco-2026","status":"publish","type":"post","link":"https:\/\/www.diarioholaveracruz.com.mx\/sitio\/arranca-el-festival-del-dulce-de-coco-2026\/","title":{"rendered":"Arranca el festival del dulce de coco 2026"},"content":{"rendered":"<p>Este fin de semana se desarrollar\u00e1n eventos <\/p>\n<p>TECOLUTLA, VER.- Con gran entusiasmo dio inicio de manera oficial el festival del dulce de coco, una de las celebraciones m\u00e1s representativas que resaltan la identidad y tradici\u00f3n gastron\u00f3mica del municipio.<\/p>\n<p>El presidente municipal Wenceslao Santiago Castro, encabez\u00f3 el arranque oficial del evento, brindando su respaldo a los capitanes de cada uno de los equipos participantes, quienes ser\u00e1n parte fundamental en el desarrollo de las actividades programadas.<\/p>\n<p>Durante el acto inaugural, el alcalde destac\u00f3 la importancia de preservar las tradiciones que fortalecen el sentido de pertenencia y fomentan el trabajo en equipo, elementos que dan vida a esta festividad.<\/p>\n<p>El festival del dulce de coco no solo impulsa la convivencia y el orgullo cultural, sino que tambi\u00e9n representa una oportunidad para promover la gastronom\u00eda local y fortalecer la econom\u00eda del municipio a trav\u00e9s del turismo y la participaci\u00f3n comunitaria.<div id='gallery-1' class='gallery galleryid-14093 gallery-columns-3 gallery-size-thumbnail'><figure class='gallery-item'>\n\t\t\t<div class='gallery-icon landscape'>\n\t\t\t\t<a href='https:\/\/www.diarioholaveracruz.com.mx\/sitio\/img-20260226-wa0042\/'><img loading=\"lazy\" loading=\"lazy\" decoding=\"async\" width=\"150\" height=\"150\" src=\"https:\/\/www.diarioholaveracruz.com.mx\/sitio\/wp-content\/uploads\/2026\/02\/IMG-20260226-WA0042-150x150.jpg\" class=\"attachment-thumbnail size-thumbnail\" alt=\"\" \/><\/a>\n\t\t\t<\/div><\/figure><figure class='gallery-item'>\n\t\t\t<div class='gallery-icon landscape'>\n\t\t\t\t<a href='https:\/\/www.diarioholaveracruz.com.mx\/sitio\/img-20260226-wa0043\/'><img loading=\"lazy\" loading=\"lazy\" decoding=\"async\" width=\"150\" height=\"150\" src=\"https:\/\/www.diarioholaveracruz.com.mx\/sitio\/wp-content\/uploads\/2026\/02\/IMG-20260226-WA0043-150x150.jpg\" class=\"attachment-thumbnail size-thumbnail\" alt=\"\" \/><\/a>\n\t\t\t<\/div><\/figure>\n\t\t<\/div>\n<\/p>\n","protected":false},"excerpt":{"rendered":"<p>Este fin de semana se desarrollar\u00e1n eventos TECOLUTLA, VER.- Con gran entusiasmo dio inicio de manera oficial el festival del dulce de coco, una de las celebraciones m\u00e1s representativas que resaltan la identidad y tradici\u00f3n gastron\u00f3mica del municipio. El presidente municipal Wenceslao Santiago Castro, encabez\u00f3 el arranque oficial del evento, brindando su respaldo a los [&hellip;]<\/p>\n","protected":false},"author":2,"featured_media":14088,"comment_status":"open","ping_status":"open","sticky":false,"template":"","format":"standard","meta":{"pagelayer_contact_templates":[],"_pagelayer_content":"","footnotes":""},"categories":[50,44],"tags":[],"class_list":{"0":"post-14093","1":"post","2":"type-post","3":"status-publish","4":"format-standard","5":"has-post-thumbnail","7":"category-destacadas","8":"category-estatal"},"_links":{"self":[{"href":"https:\/\/www.diarioholaveracruz.com.mx\/sitio\/wp-json\/wp\/v2\/posts\/14093","targetHints":{"allow":["GET"]}}],"collection":[{"href":"https:\/\/www.diarioholaveracruz.com.mx\/sitio\/wp-json\/wp\/v2\/posts"}],"about":[{"href":"https:\/\/www.diarioholaveracruz.com.mx\/sitio\/wp-json\/wp\/v2\/types\/post"}],"author":[{"embeddable":true,"href":"https:\/\/www.diarioholaveracruz.com.mx\/sitio\/wp-json\/wp\/v2\/users\/2"}],"replies":[{"embeddable":true,"href":"https:\/\/www.diarioholaveracruz.com.mx\/sitio\/wp-json\/wp\/v2\/comments?post=14093"}],"version-history":[{"count":1,"href":"https:\/\/www.diarioholaveracruz.com.mx\/sitio\/wp-json\/wp\/v2\/posts\/14093\/revisions"}],"predecessor-version":[{"id":14109,"href":"https:\/\/www.diarioholaveracruz.com.mx\/sitio\/wp-json\/wp\/v2\/posts\/14093\/revisions\/14109"}],"wp:featuredmedia":[{"embeddable":true,"href":"https:\/\/www.diarioholaveracruz.com.mx\/sitio\/wp-json\/wp\/v2\/media\/14088"}],"wp:attachment":[{"href":"https:\/\/www.diarioholaveracruz.com.mx\/sitio\/wp-json\/wp\/v2\/media?parent=14093"}],"wp:term":[{"taxonomy":"category","embeddable":true,"href":"https:\/\/www.diarioholaveracruz.com.mx\/sitio\/wp-json\/wp\/v2\/categories?post=14093"},{"taxonomy":"post_tag","embeddable":true,"href":"https:\/\/www.diarioholaveracruz.com.mx\/sitio\/wp-json\/wp\/v2\/tags?post=14093"}],"curies":[{"name":"wp","href":"https:\/\/api.w.org\/{rel}","templated":true}]}}