{"id":14327,"date":"2026-03-01T10:26:21","date_gmt":"2026-03-01T16:26:21","guid":{"rendered":"https:\/\/www.diarioholaveracruz.com.mx\/sitio\/?p=14327"},"modified":"2026-03-01T10:26:21","modified_gmt":"2026-03-01T16:26:21","slug":"realizan-con-exito-primera-carrera-nocturna","status":"publish","type":"post","link":"https:\/\/www.diarioholaveracruz.com.mx\/sitio\/realizan-con-exito-primera-carrera-nocturna\/","title":{"rendered":"Realizan con \u00e9xito primera carrera nocturna"},"content":{"rendered":"<p>Participaron m\u00e1s de doscientos corredores <\/p>\n<p>GUTI\u00c9RREZ ZAMORA, VER.- Con la participaci\u00f3n de m\u00e1s de 200 corredores, el paseo del malec\u00f3n se llen\u00f3 de vida y energ\u00eda durante la primera \u201ccarrera nocturna\u201d, evento que reuni\u00f3 a familias y deportistas de distintas edades en un ambiente de sana convivencia.<\/p>\n<p>La actividad fue organizada por el Comit\u00e9 Municipal del Deporte y cont\u00f3 con la asistencia de participantes provenientes de municipios de la regi\u00f3n como Tecolutla, San Rafael, Espinal, Papantla, Coxquihui, Mart\u00ednez de la Torre, Poza Rica y Teziutl\u00e1n, lo que dio un car\u00e1cter regional a esta competencia.<\/p>\n<p>La carrera fue encabezada por el alcalde Carlos Ra\u00fal Silva Vega, quien particip\u00f3 junto a las familias zamore\u00f1as en este evento deportivo que congreg\u00f3 a corredores desde los 3 a\u00f1os de edad -el participante m\u00e1s joven- hasta adultos de 70 a\u00f1os, demostrando que el deporte es incluyente y fortalece el tejido social.<\/p>\n<p>Al t\u00e9rmino de la competencia, el presidente municipal realiz\u00f3 la entrega de premios correspondientes a una rifa entre todos los participantes, agradeciendo la respuesta de la ciudadan\u00eda y reconociendo el entusiasmo mostrado durante la jornada.<\/p>\n<p>Asimismo, reiter\u00f3 el compromiso de su administraci\u00f3n de continuar trabajando para brindar espacios recreativos dignos y seguros, que permitan la realizaci\u00f3n de eventos deportivos y actividades que fomenten la convivencia familiar y el sano esparcimiento.<div id='gallery-1' class='gallery galleryid-14327 gallery-columns-3 gallery-size-thumbnail'><figure class='gallery-item'>\n\t\t\t<div class='gallery-icon landscape'>\n\t\t\t\t<a href='https:\/\/www.diarioholaveracruz.com.mx\/sitio\/img-20260301-wa0008\/'><img loading=\"lazy\" loading=\"lazy\" decoding=\"async\" width=\"150\" height=\"150\" src=\"https:\/\/www.diarioholaveracruz.com.mx\/sitio\/wp-content\/uploads\/2026\/03\/IMG-20260301-WA0008-150x150.jpg\" class=\"attachment-thumbnail size-thumbnail\" alt=\"\" \/><\/a>\n\t\t\t<\/div><\/figure><figure class='gallery-item'>\n\t\t\t<div class='gallery-icon landscape'>\n\t\t\t\t<a href='https:\/\/www.diarioholaveracruz.com.mx\/sitio\/img-20260301-wa0007\/'><img loading=\"lazy\" loading=\"lazy\" decoding=\"async\" width=\"150\" height=\"150\" src=\"https:\/\/www.diarioholaveracruz.com.mx\/sitio\/wp-content\/uploads\/2026\/03\/IMG-20260301-WA0007-150x150.jpg\" class=\"attachment-thumbnail size-thumbnail\" alt=\"\" \/><\/a>\n\t\t\t<\/div><\/figure>\n\t\t<\/div>\n<\/p>\n","protected":false},"excerpt":{"rendered":"<p>Participaron m\u00e1s de doscientos corredores GUTI\u00c9RREZ ZAMORA, VER.- Con la participaci\u00f3n de m\u00e1s de 200 corredores, el paseo del malec\u00f3n se llen\u00f3 de vida y energ\u00eda durante la primera \u201ccarrera nocturna\u201d, evento que reuni\u00f3 a familias y deportistas de distintas edades en un ambiente de sana convivencia. La actividad fue organizada por el Comit\u00e9 Municipal [&hellip;]<\/p>\n","protected":false},"author":2,"featured_media":14319,"comment_status":"open","ping_status":"open","sticky":false,"template":"","format":"standard","meta":{"pagelayer_contact_templates":[],"_pagelayer_content":"","footnotes":""},"categories":[50,44],"tags":[],"class_list":{"0":"post-14327","1":"post","2":"type-post","3":"status-publish","4":"format-standard","5":"has-post-thumbnail","7":"category-destacadas","8":"category-estatal"},"_links":{"self":[{"href":"https:\/\/www.diarioholaveracruz.com.mx\/sitio\/wp-json\/wp\/v2\/posts\/14327","targetHints":{"allow":["GET"]}}],"collection":[{"href":"https:\/\/www.diarioholaveracruz.com.mx\/sitio\/wp-json\/wp\/v2\/posts"}],"about":[{"href":"https:\/\/www.diarioholaveracruz.com.mx\/sitio\/wp-json\/wp\/v2\/types\/post"}],"author":[{"embeddable":true,"href":"https:\/\/www.diarioholaveracruz.com.mx\/sitio\/wp-json\/wp\/v2\/users\/2"}],"replies":[{"embeddable":true,"href":"https:\/\/www.diarioholaveracruz.com.mx\/sitio\/wp-json\/wp\/v2\/comments?post=14327"}],"version-history":[{"count":2,"href":"https:\/\/www.diarioholaveracruz.com.mx\/sitio\/wp-json\/wp\/v2\/posts\/14327\/revisions"}],"predecessor-version":[{"id":14345,"href":"https:\/\/www.diarioholaveracruz.com.mx\/sitio\/wp-json\/wp\/v2\/posts\/14327\/revisions\/14345"}],"wp:featuredmedia":[{"embeddable":true,"href":"https:\/\/www.diarioholaveracruz.com.mx\/sitio\/wp-json\/wp\/v2\/media\/14319"}],"wp:attachment":[{"href":"https:\/\/www.diarioholaveracruz.com.mx\/sitio\/wp-json\/wp\/v2\/media?parent=14327"}],"wp:term":[{"taxonomy":"category","embeddable":true,"href":"https:\/\/www.diarioholaveracruz.com.mx\/sitio\/wp-json\/wp\/v2\/categories?post=14327"},{"taxonomy":"post_tag","embeddable":true,"href":"https:\/\/www.diarioholaveracruz.com.mx\/sitio\/wp-json\/wp\/v2\/tags?post=14327"}],"curies":[{"name":"wp","href":"https:\/\/api.w.org\/{rel}","templated":true}]}}