{"id":14440,"date":"2026-03-01T18:54:01","date_gmt":"2026-03-02T00:54:01","guid":{"rendered":"https:\/\/www.diarioholaveracruz.com.mx\/sitio\/?p=14440"},"modified":"2026-03-01T18:54:01","modified_gmt":"2026-03-02T00:54:01","slug":"castillo-de-teayo-conmemora-el-dia-internacional-de-la-lengua-materna-con-primera-carrera-conmemorativa","status":"publish","type":"post","link":"https:\/\/www.diarioholaveracruz.com.mx\/sitio\/castillo-de-teayo-conmemora-el-dia-internacional-de-la-lengua-materna-con-primera-carrera-conmemorativa\/","title":{"rendered":"CASTILLO DE TEAYO CONMEMORA EL D\u00cdA INTERNACIONAL DE LA LENGUA MATERNA CON PRIMERA CARRERA CONMEMORATIVA"},"content":{"rendered":"<p>El H. Ayuntamiento de Castillo de Teayo llev\u00f3 a cabo la Primera Carrera Conmemorativa en el marco del D\u00eda Internacional de la Lengua Materna, actividad que reuni\u00f3 a j\u00f3venes y adultos del municipio en una jornada dedicada a fortalecer el reconocimiento y la preservaci\u00f3n de las lenguas originarias como parte fundamental de nuestra identidad cultural.<\/p>\n<p>Durante el evento se cont\u00f3 con la participaci\u00f3n de hablantes de n\u00e1huatl y totonaco, quienes compartieron mensajes en sus lenguas maternas y realizaron su traducci\u00f3n al espa\u00f1ol, destacando la importancia de mantener vivas las tradiciones, conocimientos y formas de comunicaci\u00f3n que forman parte de la historia y riqueza cultural del municipio.<\/p>\n<p>La actividad fue organizada de manera coordinada por la Direcci\u00f3n de Pueblos Ind\u00edgenas, a cargo del Lic. Hip\u00f3lito Hern\u00e1ndez Z\u00fa\u00f1iga, y la Direcci\u00f3n de Promoci\u00f3n Tur\u00edstica y Cultural, dirigida por Alejandro Sol\u00eds Paredes. En el evento estuvieron presentes el Presidente Municipal, C. Obed M\u00e9ndez Fern\u00e1ndez; la Presidenta del DIF Municipal, C. Anel Erika Montes Garc\u00eda; la S\u00edndica \u00danica, Ing. Monserrat Serrano Badillo; la Regidora Primera, C. Nora Osorio del \u00c1ngel; y el Regidor Segundo, C. Joel Neri Hern\u00e1ndez, quienes reiteraron el compromiso de la administraci\u00f3n municipal con el respeto y la promoci\u00f3n de las lenguas originarias.<\/p>\n<p>De manera especial se reconoci\u00f3 la participaci\u00f3n del Prof. Efra\u00edn Hern\u00e1ndez Mar; de la Mtra. Columbia Cortez Hern\u00e1ndez; de la ni\u00f1a Anah\u00ed Solano Parra, originaria de la comunidad La Defensa, quien dirigi\u00f3 un mensaje en lengua totonaca; as\u00ed como de Rufina Mar Hern\u00e1ndez, quien comparti\u00f3 palabras en n\u00e1huatl, contribuyendo a enriquecer esta significativa conmemoraci\u00f3n.<div id='gallery-1' class='gallery galleryid-14440 gallery-columns-3 gallery-size-thumbnail'><figure class='gallery-item'>\n\t\t\t<div class='gallery-icon landscape'>\n\t\t\t\t<a href='https:\/\/www.diarioholaveracruz.com.mx\/sitio\/castillo-de-teayo-conmemora-el-dia-internacional-de-la-lengua-materna-con-primera-carrera-conmemorativa\/img-20260301-wa0075\/'><img loading=\"lazy\" loading=\"lazy\" decoding=\"async\" width=\"150\" height=\"150\" src=\"https:\/\/www.diarioholaveracruz.com.mx\/sitio\/wp-content\/uploads\/2026\/03\/IMG-20260301-WA0075-150x150.jpg\" class=\"attachment-thumbnail size-thumbnail\" alt=\"\" \/><\/a>\n\t\t\t<\/div><\/figure><figure class='gallery-item'>\n\t\t\t<div class='gallery-icon landscape'>\n\t\t\t\t<a href='https:\/\/www.diarioholaveracruz.com.mx\/sitio\/castillo-de-teayo-conmemora-el-dia-internacional-de-la-lengua-materna-con-primera-carrera-conmemorativa\/img-20260301-wa0076\/'><img loading=\"lazy\" loading=\"lazy\" decoding=\"async\" width=\"150\" height=\"150\" src=\"https:\/\/www.diarioholaveracruz.com.mx\/sitio\/wp-content\/uploads\/2026\/03\/IMG-20260301-WA0076-150x150.jpg\" class=\"attachment-thumbnail size-thumbnail\" alt=\"\" \/><\/a>\n\t\t\t<\/div><\/figure><figure class='gallery-item'>\n\t\t\t<div class='gallery-icon landscape'>\n\t\t\t\t<a href='https:\/\/www.diarioholaveracruz.com.mx\/sitio\/castillo-de-teayo-conmemora-el-dia-internacional-de-la-lengua-materna-con-primera-carrera-conmemorativa\/img-20260301-wa0077\/'><img loading=\"lazy\" loading=\"lazy\" decoding=\"async\" width=\"150\" height=\"150\" src=\"https:\/\/www.diarioholaveracruz.com.mx\/sitio\/wp-content\/uploads\/2026\/03\/IMG-20260301-WA0077-150x150.jpg\" class=\"attachment-thumbnail size-thumbnail\" alt=\"\" \/><\/a>\n\t\t\t<\/div><\/figure><figure class='gallery-item'>\n\t\t\t<div class='gallery-icon landscape'>\n\t\t\t\t<a href='https:\/\/www.diarioholaveracruz.com.mx\/sitio\/castillo-de-teayo-conmemora-el-dia-internacional-de-la-lengua-materna-con-primera-carrera-conmemorativa\/img-20260301-wa0078\/'><img loading=\"lazy\" loading=\"lazy\" decoding=\"async\" width=\"150\" height=\"150\" src=\"https:\/\/www.diarioholaveracruz.com.mx\/sitio\/wp-content\/uploads\/2026\/03\/IMG-20260301-WA0078-150x150.jpg\" class=\"attachment-thumbnail size-thumbnail\" alt=\"\" \/><\/a>\n\t\t\t<\/div><\/figure><figure class='gallery-item'>\n\t\t\t<div class='gallery-icon landscape'>\n\t\t\t\t<a href='https:\/\/www.diarioholaveracruz.com.mx\/sitio\/castillo-de-teayo-conmemora-el-dia-internacional-de-la-lengua-materna-con-primera-carrera-conmemorativa\/img-20260301-wa0079\/'><img loading=\"lazy\" loading=\"lazy\" decoding=\"async\" width=\"150\" height=\"150\" src=\"https:\/\/www.diarioholaveracruz.com.mx\/sitio\/wp-content\/uploads\/2026\/03\/IMG-20260301-WA0079-150x150.jpg\" class=\"attachment-thumbnail size-thumbnail\" alt=\"\" \/><\/a>\n\t\t\t<\/div><\/figure>\n\t\t<\/div>\n<\/p>\n","protected":false},"excerpt":{"rendered":"<p>El H. Ayuntamiento de Castillo de Teayo llev\u00f3 a cabo la Primera Carrera Conmemorativa en el marco del D\u00eda Internacional de la Lengua Materna, actividad que reuni\u00f3 a j\u00f3venes y adultos del municipio en una jornada dedicada a fortalecer el reconocimiento y la preservaci\u00f3n de las lenguas originarias como parte fundamental de nuestra identidad cultural. [&hellip;]<\/p>\n","protected":false},"author":2,"featured_media":14453,"comment_status":"open","ping_status":"open","sticky":false,"template":"","format":"standard","meta":{"pagelayer_contact_templates":[],"_pagelayer_content":"","footnotes":""},"categories":[50,44],"tags":[],"class_list":{"0":"post-14440","1":"post","2":"type-post","3":"status-publish","4":"format-standard","5":"has-post-thumbnail","7":"category-destacadas","8":"category-estatal"},"_links":{"self":[{"href":"https:\/\/www.diarioholaveracruz.com.mx\/sitio\/wp-json\/wp\/v2\/posts\/14440","targetHints":{"allow":["GET"]}}],"collection":[{"href":"https:\/\/www.diarioholaveracruz.com.mx\/sitio\/wp-json\/wp\/v2\/posts"}],"about":[{"href":"https:\/\/www.diarioholaveracruz.com.mx\/sitio\/wp-json\/wp\/v2\/types\/post"}],"author":[{"embeddable":true,"href":"https:\/\/www.diarioholaveracruz.com.mx\/sitio\/wp-json\/wp\/v2\/users\/2"}],"replies":[{"embeddable":true,"href":"https:\/\/www.diarioholaveracruz.com.mx\/sitio\/wp-json\/wp\/v2\/comments?post=14440"}],"version-history":[{"count":1,"href":"https:\/\/www.diarioholaveracruz.com.mx\/sitio\/wp-json\/wp\/v2\/posts\/14440\/revisions"}],"predecessor-version":[{"id":14457,"href":"https:\/\/www.diarioholaveracruz.com.mx\/sitio\/wp-json\/wp\/v2\/posts\/14440\/revisions\/14457"}],"wp:featuredmedia":[{"embeddable":true,"href":"https:\/\/www.diarioholaveracruz.com.mx\/sitio\/wp-json\/wp\/v2\/media\/14453"}],"wp:attachment":[{"href":"https:\/\/www.diarioholaveracruz.com.mx\/sitio\/wp-json\/wp\/v2\/media?parent=14440"}],"wp:term":[{"taxonomy":"category","embeddable":true,"href":"https:\/\/www.diarioholaveracruz.com.mx\/sitio\/wp-json\/wp\/v2\/categories?post=14440"},{"taxonomy":"post_tag","embeddable":true,"href":"https:\/\/www.diarioholaveracruz.com.mx\/sitio\/wp-json\/wp\/v2\/tags?post=14440"}],"curies":[{"name":"wp","href":"https:\/\/api.w.org\/{rel}","templated":true}]}}