{"id":14602,"date":"2026-03-03T10:31:46","date_gmt":"2026-03-03T16:31:46","guid":{"rendered":"https:\/\/www.diarioholaveracruz.com.mx\/sitio\/?p=14602"},"modified":"2026-03-03T10:31:46","modified_gmt":"2026-03-03T16:31:46","slug":"aplicara-sev-evaluacion-brujula-de-lectura-y-escritura-para-valoracion-del-aprendizaje","status":"publish","type":"post","link":"https:\/\/www.diarioholaveracruz.com.mx\/sitio\/aplicara-sev-evaluacion-brujula-de-lectura-y-escritura-para-valoracion-del-aprendizaje\/","title":{"rendered":"Aplicar\u00e1 SEV evaluaci\u00f3n Br\u00fajula de Lectura y Escritura para valoraci\u00f3n del aprendizaje"},"content":{"rendered":"<p>Xalapa, Ver., martes 03 de marzo de 2026.- Un total de 120 estudiantes de cinco primarias, entre ellas dos ind\u00edgenas, en los municipios de La Perla, Xalapa y Perote, fueron seleccionados para presentar la evaluaci\u00f3n Br\u00fajula de Lectura y Escritura 2025\u20132026.<\/p>\n<p>Con ello, se valorar\u00e1n aspectos clave del aprendizaje, como la fluidez lectora, la comprensi\u00f3n lectora y la escritura, con la finalidad de fortalecer los procesos de aprendizaje en educaci\u00f3n b\u00e1sica.<\/p>\n<p>De esta forma, la Secretar\u00eda de Educaci\u00f3n de Veracruz, a trav\u00e9s de la Coordinaci\u00f3n de la Pol\u00edtica Estatal de Aprendizajes Fundamentales y el Instituto Natura M\u00e9xico, acordar\u00e1 acciones de acompa\u00f1amiento y capacitaci\u00f3n dirigidas a estos planteles para asegurar una aplicaci\u00f3n pertinente, organizada y contextualizada.<\/p>\n<p>En reuni\u00f3n de trabajo, la Direcci\u00f3n de Educaci\u00f3n Ind\u00edgena, a trav\u00e9s del Departamento de Operaci\u00f3n de Programas T\u00e9cnico-Pedag\u00f3gicos, refrend\u00f3 su disposici\u00f3n de sumarse de manera activa a los trabajos interinstitucionales en favor de ni\u00f1as, ni\u00f1os y adolescentes, as\u00ed como por la mejora continua de las y los docentes de las comunidades ind\u00edgenas.<\/p>\n<p>Las primarias participantes de educaci\u00f3n ind\u00edgena son Vicente Guerrero (30DPB0442L) y Benito Ju\u00e1rez Garc\u00eda (30DPB0823T), del municipio de La Perla; del sistema estatal, Carlos A. Carrillo (30EPR1165F), de Xalapa; en tanto que, del sistema federal, Club de Leones (30DPR0617L) y Club de Leones (30DPR3857E), ambas de Perote.<\/p>\n<p>Con acciones coordinadas, autoridades de la SEV reiteran el compromiso de trabajar de forma articulada para garantizar una educaci\u00f3n de excelencia, con atenci\u00f3n especial a los contextos ind\u00edgenas, adem\u00e1s de ofrecer mejores oportunidades de aprendizaje a la ni\u00f1ez y contribuir a su desarrollo integral con una educaci\u00f3n m\u00e1s justa y equitativa.<\/p>\n<p>&#8212;000&#8212;<\/p>\n","protected":false},"excerpt":{"rendered":"<p>Xalapa, Ver., martes 03 de marzo de 2026.- Un total de 120 estudiantes de cinco primarias, entre ellas dos ind\u00edgenas, en los municipios de La Perla, Xalapa y Perote, fueron seleccionados para presentar la evaluaci\u00f3n Br\u00fajula de Lectura y Escritura 2025\u20132026. Con ello, se valorar\u00e1n aspectos clave del aprendizaje, como la fluidez lectora, la comprensi\u00f3n [&hellip;]<\/p>\n","protected":false},"author":2,"featured_media":14623,"comment_status":"open","ping_status":"open","sticky":false,"template":"","format":"standard","meta":{"pagelayer_contact_templates":[],"_pagelayer_content":"","footnotes":""},"categories":[50,44],"tags":[],"class_list":{"0":"post-14602","1":"post","2":"type-post","3":"status-publish","4":"format-standard","5":"has-post-thumbnail","7":"category-destacadas","8":"category-estatal"},"_links":{"self":[{"href":"https:\/\/www.diarioholaveracruz.com.mx\/sitio\/wp-json\/wp\/v2\/posts\/14602","targetHints":{"allow":["GET"]}}],"collection":[{"href":"https:\/\/www.diarioholaveracruz.com.mx\/sitio\/wp-json\/wp\/v2\/posts"}],"about":[{"href":"https:\/\/www.diarioholaveracruz.com.mx\/sitio\/wp-json\/wp\/v2\/types\/post"}],"author":[{"embeddable":true,"href":"https:\/\/www.diarioholaveracruz.com.mx\/sitio\/wp-json\/wp\/v2\/users\/2"}],"replies":[{"embeddable":true,"href":"https:\/\/www.diarioholaveracruz.com.mx\/sitio\/wp-json\/wp\/v2\/comments?post=14602"}],"version-history":[{"count":1,"href":"https:\/\/www.diarioholaveracruz.com.mx\/sitio\/wp-json\/wp\/v2\/posts\/14602\/revisions"}],"predecessor-version":[{"id":14626,"href":"https:\/\/www.diarioholaveracruz.com.mx\/sitio\/wp-json\/wp\/v2\/posts\/14602\/revisions\/14626"}],"wp:featuredmedia":[{"embeddable":true,"href":"https:\/\/www.diarioholaveracruz.com.mx\/sitio\/wp-json\/wp\/v2\/media\/14623"}],"wp:attachment":[{"href":"https:\/\/www.diarioholaveracruz.com.mx\/sitio\/wp-json\/wp\/v2\/media?parent=14602"}],"wp:term":[{"taxonomy":"category","embeddable":true,"href":"https:\/\/www.diarioholaveracruz.com.mx\/sitio\/wp-json\/wp\/v2\/categories?post=14602"},{"taxonomy":"post_tag","embeddable":true,"href":"https:\/\/www.diarioholaveracruz.com.mx\/sitio\/wp-json\/wp\/v2\/tags?post=14602"}],"curies":[{"name":"wp","href":"https:\/\/api.w.org\/{rel}","templated":true}]}}