{"id":14710,"date":"2026-03-03T18:52:18","date_gmt":"2026-03-04T00:52:18","guid":{"rendered":"https:\/\/www.diarioholaveracruz.com.mx\/sitio\/?p=14710"},"modified":"2026-03-03T18:52:18","modified_gmt":"2026-03-04T00:52:18","slug":"martin-cristobal-cruz-formaliza-su-registro-como-candidato-a-la-alcaldia-de-tamiahua","status":"publish","type":"post","link":"https:\/\/www.diarioholaveracruz.com.mx\/sitio\/martin-cristobal-cruz-formaliza-su-registro-como-candidato-a-la-alcaldia-de-tamiahua\/","title":{"rendered":"Mart\u00edn Crist\u00f3bal Cruz formaliza su registro como candidato a la alcald\u00eda de Tamiahua"},"content":{"rendered":"<p>En un ambiente de unidad y respaldo ciudadano, Mart\u00edn Crist\u00f3bal Cruz acudi\u00f3 la ma\u00f1ana de este lunes 2 de marzo a las instalaciones del Organismo P\u00fablico Local Electoral; OPLE, para realizar su registro simb\u00f3lico como candidato a la Presidencia Municipal de Tamiahua.<\/p>\n<p>Arropado por su esposa, la maestra Nayeli Mata, sus hijos, familiares cercanos y simpatizantes, el ahora abanderado del Partido Revolucionario Institucional; PRI, hizo entrega de la documentaci\u00f3n que avala su participaci\u00f3n en la pr\u00f3xima contienda electoral y durante el acto, Crist\u00f3bal Cruz destac\u00f3 que su proyecto est\u00e1 impulsado por el apoyo de ciudadanos que conf\u00edan en su trayectoria y visi\u00f3n de trabajo, manifest\u00f3 su plena confianza en las autoridades electorales para garantizar una contienda justa, subrayando que su principal objetivo es que la poblaci\u00f3n de Tamiahua sea la verdadera ganadora en este proceso pol\u00edtico.<\/p>\n<p>El candidato estuvo fuertemente respaldado por la estructura estatal de su partido, destacando la presencia del dirigente estatal del PRI, Adolfo Ram\u00edrez Arana, y la Secretaria General, Carolina Gudi\u00f1o Corro. Asimismo, se sumaron al apoyo la diputada Ana Rosa Valdez; Rey David Rivera, secretario de acci\u00f3n electoral; Dalia P\u00e9rez Casta\u00f1eda, presidenta del ONMPRI; Celia Lagunes, secretaria general de la Red de J\u00f3venes; y el delegado especial Alejandro Hern\u00e1ndez.<\/p>\n<p>A nivel local, el respaldo fue encabezado por Rub\u00e9n Dar\u00edo Mart\u00ednez Cruz, presidente del Comit\u00e9 Directivo del PRI en Tamiahua, junto a una nutrida base de ciudadanos simpatizantes que vitorearon el registro, consolidando as\u00ed el arranque de este proyecto rumbo a la alcald\u00eda.<\/p>\n<p>Posterior al registro, recorri\u00f3 las principales calles de la Villa donde recibi\u00f3 enormes muestras de cari\u00f1o de la ciudadan\u00eda que gustosa se acercaba a saludarlo y para finalizar el d\u00eda, encabez\u00f3 una rueda de prensa con diversos representantes de los medios de comunicaci\u00f3n de la regi\u00f3n, donde se\u00f1al\u00f3 que acept\u00f3 ser candidato de nueva cuenta, para que con si experiencia rescatar al municipio y hacerle justicia a los ciudadanos.<\/p>\n<p>Con este paso, el candidato del PRI se declara listo para iniciar el proceso de proselitismo, enfoc\u00e1ndose en la suma de voluntades y en el fortalecimiento de la estructura partidista local. Los simpatizantes presentes celebraron el registro con muestras de afecto, se\u00f1alando que la experiencia de Mart\u00edn Crist\u00f3bal es la pieza clave que el municipio necesita.<div id='gallery-1' class='gallery galleryid-14710 gallery-columns-3 gallery-size-thumbnail'><figure class='gallery-item'>\n\t\t\t<div class='gallery-icon landscape'>\n\t\t\t\t<a href='https:\/\/www.diarioholaveracruz.com.mx\/sitio\/martin-cristobal-cruz-formaliza-su-registro-como-candidato-a-la-alcaldia-de-tamiahua\/img-20260303-wa0114\/'><img loading=\"lazy\" loading=\"lazy\" decoding=\"async\" width=\"150\" height=\"150\" src=\"https:\/\/www.diarioholaveracruz.com.mx\/sitio\/wp-content\/uploads\/2026\/03\/IMG-20260303-WA0114-150x150.jpg\" class=\"attachment-thumbnail size-thumbnail\" alt=\"\" \/><\/a>\n\t\t\t<\/div><\/figure><figure class='gallery-item'>\n\t\t\t<div class='gallery-icon landscape'>\n\t\t\t\t<a href='https:\/\/www.diarioholaveracruz.com.mx\/sitio\/martin-cristobal-cruz-formaliza-su-registro-como-candidato-a-la-alcaldia-de-tamiahua\/img-20260303-wa0115\/'><img loading=\"lazy\" loading=\"lazy\" decoding=\"async\" width=\"150\" height=\"150\" src=\"https:\/\/www.diarioholaveracruz.com.mx\/sitio\/wp-content\/uploads\/2026\/03\/IMG-20260303-WA0115-150x150.jpg\" class=\"attachment-thumbnail size-thumbnail\" alt=\"\" \/><\/a>\n\t\t\t<\/div><\/figure><figure class='gallery-item'>\n\t\t\t<div class='gallery-icon landscape'>\n\t\t\t\t<a href='https:\/\/www.diarioholaveracruz.com.mx\/sitio\/martin-cristobal-cruz-formaliza-su-registro-como-candidato-a-la-alcaldia-de-tamiahua\/img-20260303-wa0116\/'><img loading=\"lazy\" loading=\"lazy\" decoding=\"async\" width=\"150\" height=\"150\" src=\"https:\/\/www.diarioholaveracruz.com.mx\/sitio\/wp-content\/uploads\/2026\/03\/IMG-20260303-WA0116-150x150.jpg\" class=\"attachment-thumbnail size-thumbnail\" alt=\"\" \/><\/a>\n\t\t\t<\/div><\/figure><figure class='gallery-item'>\n\t\t\t<div class='gallery-icon landscape'>\n\t\t\t\t<a href='https:\/\/www.diarioholaveracruz.com.mx\/sitio\/martin-cristobal-cruz-formaliza-su-registro-como-candidato-a-la-alcaldia-de-tamiahua\/img-20260303-wa0117\/'><img loading=\"lazy\" loading=\"lazy\" decoding=\"async\" width=\"150\" height=\"150\" src=\"https:\/\/www.diarioholaveracruz.com.mx\/sitio\/wp-content\/uploads\/2026\/03\/IMG-20260303-WA0117-150x150.jpg\" class=\"attachment-thumbnail size-thumbnail\" alt=\"\" \/><\/a>\n\t\t\t<\/div><\/figure><figure class='gallery-item'>\n\t\t\t<div class='gallery-icon landscape'>\n\t\t\t\t<a href='https:\/\/www.diarioholaveracruz.com.mx\/sitio\/martin-cristobal-cruz-formaliza-su-registro-como-candidato-a-la-alcaldia-de-tamiahua\/img-20260303-wa0112\/'><img loading=\"lazy\" loading=\"lazy\" decoding=\"async\" width=\"150\" height=\"150\" src=\"https:\/\/www.diarioholaveracruz.com.mx\/sitio\/wp-content\/uploads\/2026\/03\/IMG-20260303-WA0112-150x150.jpg\" class=\"attachment-thumbnail size-thumbnail\" alt=\"\" \/><\/a>\n\t\t\t<\/div><\/figure><figure class='gallery-item'>\n\t\t\t<div class='gallery-icon landscape'>\n\t\t\t\t<a href='https:\/\/www.diarioholaveracruz.com.mx\/sitio\/martin-cristobal-cruz-formaliza-su-registro-como-candidato-a-la-alcaldia-de-tamiahua\/img-20260303-wa0113\/'><img loading=\"lazy\" loading=\"lazy\" decoding=\"async\" width=\"150\" height=\"150\" src=\"https:\/\/www.diarioholaveracruz.com.mx\/sitio\/wp-content\/uploads\/2026\/03\/IMG-20260303-WA0113-150x150.jpg\" class=\"attachment-thumbnail size-thumbnail\" alt=\"\" \/><\/a>\n\t\t\t<\/div><\/figure><figure class='gallery-item'>\n\t\t\t<div class='gallery-icon landscape'>\n\t\t\t\t<a href='https:\/\/www.diarioholaveracruz.com.mx\/sitio\/martin-cristobal-cruz-formaliza-su-registro-como-candidato-a-la-alcaldia-de-tamiahua\/img-20260303-wa0111\/'><img loading=\"lazy\" loading=\"lazy\" decoding=\"async\" width=\"150\" height=\"150\" src=\"https:\/\/www.diarioholaveracruz.com.mx\/sitio\/wp-content\/uploads\/2026\/03\/IMG-20260303-WA0111-150x150.jpg\" class=\"attachment-thumbnail size-thumbnail\" alt=\"\" \/><\/a>\n\t\t\t<\/div><\/figure><figure class='gallery-item'>\n\t\t\t<div class='gallery-icon landscape'>\n\t\t\t\t<a href='https:\/\/www.diarioholaveracruz.com.mx\/sitio\/martin-cristobal-cruz-formaliza-su-registro-como-candidato-a-la-alcaldia-de-tamiahua\/img-20260303-wa0110\/'><img loading=\"lazy\" loading=\"lazy\" decoding=\"async\" width=\"150\" height=\"150\" src=\"https:\/\/www.diarioholaveracruz.com.mx\/sitio\/wp-content\/uploads\/2026\/03\/IMG-20260303-WA0110-150x150.jpg\" class=\"attachment-thumbnail size-thumbnail\" alt=\"\" \/><\/a>\n\t\t\t<\/div><\/figure><figure class='gallery-item'>\n\t\t\t<div class='gallery-icon landscape'>\n\t\t\t\t<a href='https:\/\/www.diarioholaveracruz.com.mx\/sitio\/martin-cristobal-cruz-formaliza-su-registro-como-candidato-a-la-alcaldia-de-tamiahua\/img-20260303-wa0108\/'><img loading=\"lazy\" loading=\"lazy\" decoding=\"async\" width=\"150\" height=\"150\" src=\"https:\/\/www.diarioholaveracruz.com.mx\/sitio\/wp-content\/uploads\/2026\/03\/IMG-20260303-WA0108-150x150.jpg\" class=\"attachment-thumbnail size-thumbnail\" alt=\"\" \/><\/a>\n\t\t\t<\/div><\/figure><figure class='gallery-item'>\n\t\t\t<div class='gallery-icon landscape'>\n\t\t\t\t<a href='https:\/\/www.diarioholaveracruz.com.mx\/sitio\/martin-cristobal-cruz-formaliza-su-registro-como-candidato-a-la-alcaldia-de-tamiahua\/img-20260303-wa0109\/'><img loading=\"lazy\" loading=\"lazy\" decoding=\"async\" width=\"150\" height=\"150\" src=\"https:\/\/www.diarioholaveracruz.com.mx\/sitio\/wp-content\/uploads\/2026\/03\/IMG-20260303-WA0109-150x150.jpg\" class=\"attachment-thumbnail size-thumbnail\" alt=\"\" \/><\/a>\n\t\t\t<\/div><\/figure><figure class='gallery-item'>\n\t\t\t<div class='gallery-icon landscape'>\n\t\t\t\t<a href='https:\/\/www.diarioholaveracruz.com.mx\/sitio\/martin-cristobal-cruz-formaliza-su-registro-como-candidato-a-la-alcaldia-de-tamiahua\/img-20260303-wa0107\/'><img loading=\"lazy\" loading=\"lazy\" decoding=\"async\" width=\"150\" height=\"150\" src=\"https:\/\/www.diarioholaveracruz.com.mx\/sitio\/wp-content\/uploads\/2026\/03\/IMG-20260303-WA0107-150x150.jpg\" class=\"attachment-thumbnail size-thumbnail\" alt=\"\" \/><\/a>\n\t\t\t<\/div><\/figure><figure class='gallery-item'>\n\t\t\t<div class='gallery-icon landscape'>\n\t\t\t\t<a href='https:\/\/www.diarioholaveracruz.com.mx\/sitio\/martin-cristobal-cruz-formaliza-su-registro-como-candidato-a-la-alcaldia-de-tamiahua\/img-20260303-wa0106\/'><img loading=\"lazy\" loading=\"lazy\" decoding=\"async\" width=\"150\" height=\"150\" src=\"https:\/\/www.diarioholaveracruz.com.mx\/sitio\/wp-content\/uploads\/2026\/03\/IMG-20260303-WA0106-150x150.jpg\" class=\"attachment-thumbnail size-thumbnail\" alt=\"\" \/><\/a>\n\t\t\t<\/div><\/figure>\n\t\t<\/div>\n<\/p>\n","protected":false},"excerpt":{"rendered":"<p>En un ambiente de unidad y respaldo ciudadano, Mart\u00edn Crist\u00f3bal Cruz acudi\u00f3 la ma\u00f1ana de este lunes 2 de marzo a las instalaciones del Organismo P\u00fablico Local Electoral; OPLE, para realizar su registro simb\u00f3lico como candidato a la Presidencia Municipal de Tamiahua. Arropado por su esposa, la maestra Nayeli Mata, sus hijos, familiares cercanos y [&hellip;]<\/p>\n","protected":false},"author":2,"featured_media":14720,"comment_status":"open","ping_status":"open","sticky":false,"template":"","format":"standard","meta":{"pagelayer_contact_templates":[],"_pagelayer_content":"","footnotes":""},"categories":[50,44],"tags":[],"class_list":{"0":"post-14710","1":"post","2":"type-post","3":"status-publish","4":"format-standard","5":"has-post-thumbnail","7":"category-destacadas","8":"category-estatal"},"_links":{"self":[{"href":"https:\/\/www.diarioholaveracruz.com.mx\/sitio\/wp-json\/wp\/v2\/posts\/14710","targetHints":{"allow":["GET"]}}],"collection":[{"href":"https:\/\/www.diarioholaveracruz.com.mx\/sitio\/wp-json\/wp\/v2\/posts"}],"about":[{"href":"https:\/\/www.diarioholaveracruz.com.mx\/sitio\/wp-json\/wp\/v2\/types\/post"}],"author":[{"embeddable":true,"href":"https:\/\/www.diarioholaveracruz.com.mx\/sitio\/wp-json\/wp\/v2\/users\/2"}],"replies":[{"embeddable":true,"href":"https:\/\/www.diarioholaveracruz.com.mx\/sitio\/wp-json\/wp\/v2\/comments?post=14710"}],"version-history":[{"count":2,"href":"https:\/\/www.diarioholaveracruz.com.mx\/sitio\/wp-json\/wp\/v2\/posts\/14710\/revisions"}],"predecessor-version":[{"id":14726,"href":"https:\/\/www.diarioholaveracruz.com.mx\/sitio\/wp-json\/wp\/v2\/posts\/14710\/revisions\/14726"}],"wp:featuredmedia":[{"embeddable":true,"href":"https:\/\/www.diarioholaveracruz.com.mx\/sitio\/wp-json\/wp\/v2\/media\/14720"}],"wp:attachment":[{"href":"https:\/\/www.diarioholaveracruz.com.mx\/sitio\/wp-json\/wp\/v2\/media?parent=14710"}],"wp:term":[{"taxonomy":"category","embeddable":true,"href":"https:\/\/www.diarioholaveracruz.com.mx\/sitio\/wp-json\/wp\/v2\/categories?post=14710"},{"taxonomy":"post_tag","embeddable":true,"href":"https:\/\/www.diarioholaveracruz.com.mx\/sitio\/wp-json\/wp\/v2\/tags?post=14710"}],"curies":[{"name":"wp","href":"https:\/\/api.w.org\/{rel}","templated":true}]}}