{"id":14807,"date":"2026-03-04T19:37:05","date_gmt":"2026-03-05T01:37:05","guid":{"rendered":"https:\/\/www.diarioholaveracruz.com.mx\/sitio\/?p=14807"},"modified":"2026-03-04T19:37:05","modified_gmt":"2026-03-05T01:37:05","slug":"gobierno-de-poza-rica-y-crisver-realizan-diagnostico-para-mejorar-servicios-de-rehabilitacion","status":"publish","type":"post","link":"https:\/\/www.diarioholaveracruz.com.mx\/sitio\/gobierno-de-poza-rica-y-crisver-realizan-diagnostico-para-mejorar-servicios-de-rehabilitacion\/","title":{"rendered":"GOBIERNO DE POZA RICA Y CRISVER REALIZAN DIAGN\u00d3STICO PARA MEJORAR SERVICIOS DE REHABILITACI\u00d3N"},"content":{"rendered":"<p>Poza Rica, Ver.\u2013 Como resultado del trabajo coordinado entre el Gobierno del Estado de Veracruz y el Gobierno Municipal de Poza Rica, se llev\u00f3 a cabo la visita de trabajo de la Directora del Centro de Rehabilitaci\u00f3n e Inclusi\u00f3n Social de Veracruz (CRISVER), Lic. Monserrat Murrieta Moreno, a las instalaciones de la Unidad B\u00e1sica de Rehabilitaci\u00f3n (UBR) del municipio.<br \/>\nDurante esta jornada se realiz\u00f3 un recorrido por las instalaciones y un levantamiento de informaci\u00f3n t\u00e9cnica y operativa con el prop\u00f3sito de integrar un diagn\u00f3stico que permita gestionar equipamiento especializado para esta unidad, con el objetivo de ampliar y mejorar los servicios de rehabilitaci\u00f3n que diariamente reciben decenas de personas de Poza Rica y de la regi\u00f3n.<\/p>\n<p>Estas acciones forman parte de la pol\u00edtica de atenci\u00f3n social impulsada por el Gobierno del Estado de Veracruz, que contempla a Poza Rica dentro de los municipios considerados para fortalecer la infraestructura y capacidad de atenci\u00f3n en materia de rehabilitaci\u00f3n.<\/p>\n<p>El Gobierno Municipal que encabeza la presidenta Adanely Rodr\u00edguez , refrenda su compromiso de mantener una coordinaci\u00f3n permanente con las instituciones estatales para seguir generando mejores condiciones de atenci\u00f3n para las personas con discapacidad y quienes requieren procesos de rehabilitaci\u00f3n f\u00edsica.<\/p>\n<p>En este esfuerzo, el Sistema DIF Municipal de Poza Rica desempe\u00f1a un papel fundamental al brindar atenci\u00f3n cercana, profesional y humana a la poblaci\u00f3n, consolidando una pol\u00edtica social que prioriza la inclusi\u00f3n, el bienestar y la mejora en la calidad de vida de las familias pozarricenses.<\/p>\n<p>Con estas acciones, Poza Rica contin\u00faa avanzando en la construcci\u00f3n de un gobierno que trabaja de manera conjunta con el estado para atender las necesidades reales de la ciudadan\u00eda y fortalecer los servicios que impactan directamente en el bienestar social.<br \/>\n<div id='gallery-1' class='gallery galleryid-14807 gallery-columns-3 gallery-size-thumbnail'><figure class='gallery-item'>\n\t\t\t<div class='gallery-icon landscape'>\n\t\t\t\t<a href='https:\/\/www.diarioholaveracruz.com.mx\/sitio\/gobierno-de-poza-rica-y-crisver-realizan-diagnostico-para-mejorar-servicios-de-rehabilitacion\/img-20260304-wa0050\/'><img loading=\"lazy\" loading=\"lazy\" decoding=\"async\" width=\"150\" height=\"150\" src=\"https:\/\/www.diarioholaveracruz.com.mx\/sitio\/wp-content\/uploads\/2026\/03\/IMG-20260304-WA0050-150x150.jpg\" class=\"attachment-thumbnail size-thumbnail\" alt=\"\" \/><\/a>\n\t\t\t<\/div><\/figure><figure class='gallery-item'>\n\t\t\t<div class='gallery-icon landscape'>\n\t\t\t\t<a href='https:\/\/www.diarioholaveracruz.com.mx\/sitio\/gobierno-de-poza-rica-y-crisver-realizan-diagnostico-para-mejorar-servicios-de-rehabilitacion\/img-20260304-wa0048\/'><img loading=\"lazy\" loading=\"lazy\" decoding=\"async\" width=\"150\" height=\"150\" src=\"https:\/\/www.diarioholaveracruz.com.mx\/sitio\/wp-content\/uploads\/2026\/03\/IMG-20260304-WA0048-150x150.jpg\" class=\"attachment-thumbnail size-thumbnail\" alt=\"\" \/><\/a>\n\t\t\t<\/div><\/figure><figure class='gallery-item'>\n\t\t\t<div class='gallery-icon landscape'>\n\t\t\t\t<a href='https:\/\/www.diarioholaveracruz.com.mx\/sitio\/gobierno-de-poza-rica-y-crisver-realizan-diagnostico-para-mejorar-servicios-de-rehabilitacion\/img-20260304-wa0049\/'><img loading=\"lazy\" loading=\"lazy\" decoding=\"async\" width=\"150\" height=\"150\" src=\"https:\/\/www.diarioholaveracruz.com.mx\/sitio\/wp-content\/uploads\/2026\/03\/IMG-20260304-WA0049-150x150.jpg\" class=\"attachment-thumbnail size-thumbnail\" alt=\"\" \/><\/a>\n\t\t\t<\/div><\/figure>\n\t\t<\/div>\n<\/p>\n","protected":false},"excerpt":{"rendered":"<p>Poza Rica, Ver.\u2013 Como resultado del trabajo coordinado entre el Gobierno del Estado de Veracruz y el Gobierno Municipal de Poza Rica, se llev\u00f3 a cabo la visita de trabajo de la Directora del Centro de Rehabilitaci\u00f3n e Inclusi\u00f3n Social de Veracruz (CRISVER), Lic. Monserrat Murrieta Moreno, a las instalaciones de la Unidad B\u00e1sica de [&hellip;]<\/p>\n","protected":false},"author":2,"featured_media":14811,"comment_status":"open","ping_status":"open","sticky":false,"template":"","format":"standard","meta":{"pagelayer_contact_templates":[],"_pagelayer_content":"","footnotes":""},"categories":[43,45],"tags":[],"class_list":{"0":"post-14807","1":"post","2":"type-post","3":"status-publish","4":"format-standard","5":"has-post-thumbnail","7":"category-notas_locales","8":"category-poza_rica"},"_links":{"self":[{"href":"https:\/\/www.diarioholaveracruz.com.mx\/sitio\/wp-json\/wp\/v2\/posts\/14807","targetHints":{"allow":["GET"]}}],"collection":[{"href":"https:\/\/www.diarioholaveracruz.com.mx\/sitio\/wp-json\/wp\/v2\/posts"}],"about":[{"href":"https:\/\/www.diarioholaveracruz.com.mx\/sitio\/wp-json\/wp\/v2\/types\/post"}],"author":[{"embeddable":true,"href":"https:\/\/www.diarioholaveracruz.com.mx\/sitio\/wp-json\/wp\/v2\/users\/2"}],"replies":[{"embeddable":true,"href":"https:\/\/www.diarioholaveracruz.com.mx\/sitio\/wp-json\/wp\/v2\/comments?post=14807"}],"version-history":[{"count":1,"href":"https:\/\/www.diarioholaveracruz.com.mx\/sitio\/wp-json\/wp\/v2\/posts\/14807\/revisions"}],"predecessor-version":[{"id":14813,"href":"https:\/\/www.diarioholaveracruz.com.mx\/sitio\/wp-json\/wp\/v2\/posts\/14807\/revisions\/14813"}],"wp:featuredmedia":[{"embeddable":true,"href":"https:\/\/www.diarioholaveracruz.com.mx\/sitio\/wp-json\/wp\/v2\/media\/14811"}],"wp:attachment":[{"href":"https:\/\/www.diarioholaveracruz.com.mx\/sitio\/wp-json\/wp\/v2\/media?parent=14807"}],"wp:term":[{"taxonomy":"category","embeddable":true,"href":"https:\/\/www.diarioholaveracruz.com.mx\/sitio\/wp-json\/wp\/v2\/categories?post=14807"},{"taxonomy":"post_tag","embeddable":true,"href":"https:\/\/www.diarioholaveracruz.com.mx\/sitio\/wp-json\/wp\/v2\/tags?post=14807"}],"curies":[{"name":"wp","href":"https:\/\/api.w.org\/{rel}","templated":true}]}}