{"id":14834,"date":"2026-03-05T13:36:08","date_gmt":"2026-03-05T19:36:08","guid":{"rendered":"https:\/\/www.diarioholaveracruz.com.mx\/sitio\/?p=14834"},"modified":"2026-03-05T13:36:08","modified_gmt":"2026-03-05T19:36:08","slug":"%f0%9f%8f%83%e2%99%82%ef%b8%8f-carrera-de-coloteros-2026-fortalece-las-tradiciones-de-castillo-de-teayo-%f0%9f%8d%8a","status":"publish","type":"post","link":"https:\/\/www.diarioholaveracruz.com.mx\/sitio\/%f0%9f%8f%83%e2%99%82%ef%b8%8f-carrera-de-coloteros-2026-fortalece-las-tradiciones-de-castillo-de-teayo-%f0%9f%8d%8a\/","title":{"rendered":"\ud83c\udfc3\u200d\u2642\ufe0f Carrera de Coloteros 2026 fortalece las tradiciones de Castillo de Teayo \ud83c\udf4a"},"content":{"rendered":"<p>El H. Ayuntamiento de Castillo de Teayo, encabezado por el presidente municipal C. Obed M\u00e9ndez Fern\u00e1ndez, invita a la ciudadan\u00eda a participar en la tradicional Carrera de Coloteros 2026, una actividad que forma parte de las expresiones culturales y deportivas que distinguen al municipio, resaltando el orgullo por las ra\u00edces y las tradiciones ligadas al trabajo del campo.<\/p>\n<p>Este evento se llevar\u00e1 a cabo el domingo 22 de marzo a las 17:00 horas, teniendo como punto de salida La Capilla y como meta la Plaza Municipal, donde las y los participantes pondr\u00e1n a prueba su resistencia y habilidad en esta competencia que simboliza la identidad y el esfuerzo de los trabajadores citr\u00edcolas de la regi\u00f3n.<\/p>\n<p>La convocatoria est\u00e1 dirigida exclusivamente a habitantes del municipio, quienes podr\u00e1n realizar su inscripci\u00f3n de manera gratuita acudiendo a la Secretar\u00eda Municipal. Cabe destacar que el orden de salida se establecer\u00e1 conforme al registro de inscripci\u00f3n.<\/p>\n<p>Con el objetivo de reconocer el esfuerzo de los participantes, se otorgar\u00e1n premios a los tres primeros lugares: 5 mil pesos para el primer lugar, 3 mil pesos para el segundo lugar y 2 mil pesos para el tercer lugar.<\/p>\n<p>A trav\u00e9s de este tipo de actividades, el Gobierno Municipal promueve la convivencia, el deporte y la preservaci\u00f3n de las tradiciones que forman parte de la identidad de Castillo de Teayo.<\/p>\n","protected":false},"excerpt":{"rendered":"<p>El H. Ayuntamiento de Castillo de Teayo, encabezado por el presidente municipal C. Obed M\u00e9ndez Fern\u00e1ndez, invita a la ciudadan\u00eda a participar en la tradicional Carrera de Coloteros 2026, una actividad que forma parte de las expresiones culturales y deportivas que distinguen al municipio, resaltando el orgullo por las ra\u00edces y las tradiciones ligadas al [&hellip;]<\/p>\n","protected":false},"author":2,"featured_media":14849,"comment_status":"open","ping_status":"open","sticky":false,"template":"","format":"standard","meta":{"pagelayer_contact_templates":[],"_pagelayer_content":"","footnotes":""},"categories":[50,44],"tags":[],"class_list":{"0":"post-14834","1":"post","2":"type-post","3":"status-publish","4":"format-standard","5":"has-post-thumbnail","7":"category-destacadas","8":"category-estatal"},"_links":{"self":[{"href":"https:\/\/www.diarioholaveracruz.com.mx\/sitio\/wp-json\/wp\/v2\/posts\/14834","targetHints":{"allow":["GET"]}}],"collection":[{"href":"https:\/\/www.diarioholaveracruz.com.mx\/sitio\/wp-json\/wp\/v2\/posts"}],"about":[{"href":"https:\/\/www.diarioholaveracruz.com.mx\/sitio\/wp-json\/wp\/v2\/types\/post"}],"author":[{"embeddable":true,"href":"https:\/\/www.diarioholaveracruz.com.mx\/sitio\/wp-json\/wp\/v2\/users\/2"}],"replies":[{"embeddable":true,"href":"https:\/\/www.diarioholaveracruz.com.mx\/sitio\/wp-json\/wp\/v2\/comments?post=14834"}],"version-history":[{"count":1,"href":"https:\/\/www.diarioholaveracruz.com.mx\/sitio\/wp-json\/wp\/v2\/posts\/14834\/revisions"}],"predecessor-version":[{"id":14850,"href":"https:\/\/www.diarioholaveracruz.com.mx\/sitio\/wp-json\/wp\/v2\/posts\/14834\/revisions\/14850"}],"wp:featuredmedia":[{"embeddable":true,"href":"https:\/\/www.diarioholaveracruz.com.mx\/sitio\/wp-json\/wp\/v2\/media\/14849"}],"wp:attachment":[{"href":"https:\/\/www.diarioholaveracruz.com.mx\/sitio\/wp-json\/wp\/v2\/media?parent=14834"}],"wp:term":[{"taxonomy":"category","embeddable":true,"href":"https:\/\/www.diarioholaveracruz.com.mx\/sitio\/wp-json\/wp\/v2\/categories?post=14834"},{"taxonomy":"post_tag","embeddable":true,"href":"https:\/\/www.diarioholaveracruz.com.mx\/sitio\/wp-json\/wp\/v2\/tags?post=14834"}],"curies":[{"name":"wp","href":"https:\/\/api.w.org\/{rel}","templated":true}]}}