{"id":14914,"date":"2026-03-05T19:07:46","date_gmt":"2026-03-06T01:07:46","guid":{"rendered":"https:\/\/www.diarioholaveracruz.com.mx\/sitio\/?p=14914"},"modified":"2026-03-05T19:07:46","modified_gmt":"2026-03-06T01:07:46","slug":"regiduria-quinta-apoyara-con-gastos-funerarios","status":"publish","type":"post","link":"https:\/\/www.diarioholaveracruz.com.mx\/sitio\/regiduria-quinta-apoyara-con-gastos-funerarios\/","title":{"rendered":"Regidur\u00eda Quinta apoyar\u00e1 con gastos Funerarios"},"content":{"rendered":"<p>En un esfuerzo por solidarizarse con las familias tuxpe\u00f1as que atraviesan la p\u00e9rdida de un ser querido, la Regidur\u00eda Quinta del Ayuntamiento a cargo de la edil Ivis Salas, ha anunciado la implementaci\u00f3n de un programa de subsidios para servicios funerarios. <\/p>\n<p>Esta iniciativa, coordinada en conjunto con una empresa local de velatorios, busca aliviar la carga econ\u00f3mica que representan estos gastos imprevistos para los sectores m\u00e1s vulnerables del municipio.<\/p>\n<p>El apoyo consiste en un subsidio directo de $2,000 pesos aplicable exclusivamente a los servicios ofrecidos en las instalaciones de la funeraria selecciona.<\/p>\n<p>El enlace entre la funci\u00f3n p\u00fablica y el sector privado surge como una respuesta directa a las necesidades de ciudadanos de escasos recursos, garantizando que el factor econ\u00f3mico no sea un impedimento para despedir dignamente a sus familiares.<\/p>\n<p>Los interesados en acceder a este beneficio deben presentarse personalmente en las oficinas de la Regidur\u00eda Quinta, ubicadas en el Palacio Municipal, donde se les proporcionar\u00e1 la informaci\u00f3n detallada sobre los requisitos y el procedimiento para hacer efectivo el subsidio. <\/p>\n<p>Con esta acci\u00f3n, el gobierno local reafirma su compromiso de brindar asistencia social oportuna y cercana a la comunidad en los momentos de mayor sensibilidad.<\/p>\n","protected":false},"excerpt":{"rendered":"<p>En un esfuerzo por solidarizarse con las familias tuxpe\u00f1as que atraviesan la p\u00e9rdida de un ser querido, la Regidur\u00eda Quinta del Ayuntamiento a cargo de la edil Ivis Salas, ha anunciado la implementaci\u00f3n de un programa de subsidios para servicios funerarios. Esta iniciativa, coordinada en conjunto con una empresa local de velatorios, busca aliviar la [&hellip;]<\/p>\n","protected":false},"author":2,"featured_media":14939,"comment_status":"open","ping_status":"open","sticky":false,"template":"","format":"standard","meta":{"pagelayer_contact_templates":[],"_pagelayer_content":"","footnotes":""},"categories":[43,46],"tags":[],"class_list":{"0":"post-14914","1":"post","2":"type-post","3":"status-publish","4":"format-standard","5":"has-post-thumbnail","7":"category-notas_locales","8":"category-tuxpan"},"_links":{"self":[{"href":"https:\/\/www.diarioholaveracruz.com.mx\/sitio\/wp-json\/wp\/v2\/posts\/14914","targetHints":{"allow":["GET"]}}],"collection":[{"href":"https:\/\/www.diarioholaveracruz.com.mx\/sitio\/wp-json\/wp\/v2\/posts"}],"about":[{"href":"https:\/\/www.diarioholaveracruz.com.mx\/sitio\/wp-json\/wp\/v2\/types\/post"}],"author":[{"embeddable":true,"href":"https:\/\/www.diarioholaveracruz.com.mx\/sitio\/wp-json\/wp\/v2\/users\/2"}],"replies":[{"embeddable":true,"href":"https:\/\/www.diarioholaveracruz.com.mx\/sitio\/wp-json\/wp\/v2\/comments?post=14914"}],"version-history":[{"count":1,"href":"https:\/\/www.diarioholaveracruz.com.mx\/sitio\/wp-json\/wp\/v2\/posts\/14914\/revisions"}],"predecessor-version":[{"id":14940,"href":"https:\/\/www.diarioholaveracruz.com.mx\/sitio\/wp-json\/wp\/v2\/posts\/14914\/revisions\/14940"}],"wp:featuredmedia":[{"embeddable":true,"href":"https:\/\/www.diarioholaveracruz.com.mx\/sitio\/wp-json\/wp\/v2\/media\/14939"}],"wp:attachment":[{"href":"https:\/\/www.diarioholaveracruz.com.mx\/sitio\/wp-json\/wp\/v2\/media?parent=14914"}],"wp:term":[{"taxonomy":"category","embeddable":true,"href":"https:\/\/www.diarioholaveracruz.com.mx\/sitio\/wp-json\/wp\/v2\/categories?post=14914"},{"taxonomy":"post_tag","embeddable":true,"href":"https:\/\/www.diarioholaveracruz.com.mx\/sitio\/wp-json\/wp\/v2\/tags?post=14914"}],"curies":[{"name":"wp","href":"https:\/\/api.w.org\/{rel}","templated":true}]}}