{"id":14933,"date":"2026-03-05T19:09:16","date_gmt":"2026-03-06T01:09:16","guid":{"rendered":"https:\/\/www.diarioholaveracruz.com.mx\/sitio\/?p=14933"},"modified":"2026-03-05T19:09:16","modified_gmt":"2026-03-06T01:09:16","slug":"jornada-artistica-8m-narrativas-entretejidas-en-la-pinacoteca-diego-rivera","status":"publish","type":"post","link":"https:\/\/www.diarioholaveracruz.com.mx\/sitio\/jornada-artistica-8m-narrativas-entretejidas-en-la-pinacoteca-diego-rivera\/","title":{"rendered":"Jornada Art\u00edstica 8M: Narrativas entretejidas, en la Pinacoteca Diego Rivera"},"content":{"rendered":"<p>Xalapa, Ver., jueves 05 de marzo de 2026.- La Secretar\u00eda de Cultura de Veracruz (SECVER) en colaboraci\u00f3n con la Unidad de Artes de la Universidad Veracruzana (UV), invita al p\u00fablico a la Jornada Art\u00edstica 8M: Narrativas entretejidas, que se llevar\u00e1n a cabo el s\u00e1bado 07 y domingo 15 de marzo, a las 17:00 horas y 19:00, respectivamente, en el marco de la conmemoraci\u00f3n del D\u00eda Internacional de la Mujer. La entrada es libre.<\/p>\n<p>Contar\u00e1 con la participaci\u00f3n especial tanto de acad\u00e9micas de la Unidad de Artes, como de estudiantes y egresadas de la Facultad de Artes Pl\u00e1sticas, Danza y M\u00fasica de la UV: Leticia Velasco, Leonor Flores, Roxana C\u00e1mara y Minerva Torres, Yuineth Reyes y Karime Ram\u00edrez.<\/p>\n<p>El s\u00e1bado 07 se realizar\u00e1 el c\u00edrculo de conversaci\u00f3n Patrones de entretela: la indumentaria como presi\u00f3n est\u00e9tica, guiado por Yuineth Reyes, Karime Ram\u00edrez y Leticia Velasco. Este espacio propicia un di\u00e1logo abierto donde el p\u00fablico podr\u00e1 expresar sus experiencias mediante la intervenci\u00f3n art\u00edstica de prendas de vestir. <\/p>\n<p>Para el domingo 15, en la explanada de la Pinacoteca, se realizar\u00e1 la acci\u00f3n perform\u00e1tica Narraciones Entretejidas, una propuesta esc\u00e9nica que entrelaza danza, m\u00fasica y presencia corporal como gesto de memoria compartida y construcci\u00f3n colectiva. <\/p>\n<p>Participar\u00e1n la bailarina Leticia Velasco y la chelista Leonor Flores con la colaboraci\u00f3n de Abraham Ponce. A trav\u00e9s del movimiento y el sonido, la acci\u00f3n transforma las voces y reflexiones compartidas en presencia viva dentro del espacio p\u00fablico, convirti\u00e9ndolo en territorio de escucha y reconocimiento.<\/p>\n<p>Conoce m\u00e1s informaci\u00f3n sobre estas y otras actividades del recinto, a trav\u00e9s de las redes sociales de la @PinacotecaDR. Sigue la cuenta oficial de la @SECVERoficial para conocer todas las actividades que confirman por qu\u00e9 Veracruz est\u00e1 de moda.<\/p>\n<p>&#8212;000&#8212;<\/p>\n","protected":false},"excerpt":{"rendered":"<p>Xalapa, Ver., jueves 05 de marzo de 2026.- La Secretar\u00eda de Cultura de Veracruz (SECVER) en colaboraci\u00f3n con la Unidad de Artes de la Universidad Veracruzana (UV), invita al p\u00fablico a la Jornada Art\u00edstica 8M: Narrativas entretejidas, que se llevar\u00e1n a cabo el s\u00e1bado 07 y domingo 15 de marzo, a las 17:00 horas y [&hellip;]<\/p>\n","protected":false},"author":2,"featured_media":14942,"comment_status":"open","ping_status":"open","sticky":false,"template":"","format":"standard","meta":{"pagelayer_contact_templates":[],"_pagelayer_content":"","footnotes":""},"categories":[50,44],"tags":[],"class_list":{"0":"post-14933","1":"post","2":"type-post","3":"status-publish","4":"format-standard","5":"has-post-thumbnail","7":"category-destacadas","8":"category-estatal"},"_links":{"self":[{"href":"https:\/\/www.diarioholaveracruz.com.mx\/sitio\/wp-json\/wp\/v2\/posts\/14933","targetHints":{"allow":["GET"]}}],"collection":[{"href":"https:\/\/www.diarioholaveracruz.com.mx\/sitio\/wp-json\/wp\/v2\/posts"}],"about":[{"href":"https:\/\/www.diarioholaveracruz.com.mx\/sitio\/wp-json\/wp\/v2\/types\/post"}],"author":[{"embeddable":true,"href":"https:\/\/www.diarioholaveracruz.com.mx\/sitio\/wp-json\/wp\/v2\/users\/2"}],"replies":[{"embeddable":true,"href":"https:\/\/www.diarioholaveracruz.com.mx\/sitio\/wp-json\/wp\/v2\/comments?post=14933"}],"version-history":[{"count":1,"href":"https:\/\/www.diarioholaveracruz.com.mx\/sitio\/wp-json\/wp\/v2\/posts\/14933\/revisions"}],"predecessor-version":[{"id":14943,"href":"https:\/\/www.diarioholaveracruz.com.mx\/sitio\/wp-json\/wp\/v2\/posts\/14933\/revisions\/14943"}],"wp:featuredmedia":[{"embeddable":true,"href":"https:\/\/www.diarioholaveracruz.com.mx\/sitio\/wp-json\/wp\/v2\/media\/14942"}],"wp:attachment":[{"href":"https:\/\/www.diarioholaveracruz.com.mx\/sitio\/wp-json\/wp\/v2\/media?parent=14933"}],"wp:term":[{"taxonomy":"category","embeddable":true,"href":"https:\/\/www.diarioholaveracruz.com.mx\/sitio\/wp-json\/wp\/v2\/categories?post=14933"},{"taxonomy":"post_tag","embeddable":true,"href":"https:\/\/www.diarioholaveracruz.com.mx\/sitio\/wp-json\/wp\/v2\/tags?post=14933"}],"curies":[{"name":"wp","href":"https:\/\/api.w.org\/{rel}","templated":true}]}}