{"id":15035,"date":"2026-03-08T18:26:03","date_gmt":"2026-03-09T00:26:03","guid":{"rendered":"https:\/\/www.diarioholaveracruz.com.mx\/sitio\/?p=15035"},"modified":"2026-03-08T18:26:03","modified_gmt":"2026-03-09T00:26:03","slug":"adanely-rodriguez-conmemora-el-dia-internacional-de-la-mujer","status":"publish","type":"post","link":"https:\/\/www.diarioholaveracruz.com.mx\/sitio\/adanely-rodriguez-conmemora-el-dia-internacional-de-la-mujer\/","title":{"rendered":"Adanely Rodr\u00edguez, conmemora el d\u00eda internacional de la mujer"},"content":{"rendered":"<p>Respalda  acciones para fortalecer la protecci\u00f3n de las veracruzanas<\/p>\n<p>POZA RICA, VER.- En el marco del D\u00eda Internacional de la Mujer, la presidenta municipal Adanely Rodr\u00edguez, reiter\u00f3 su compromiso de trabajar por la seguridad, la igualdad y la defensa de los derechos de las mujeres, sum\u00e1ndose a las acciones impulsadas a nivel estatal para fortalecer su protecci\u00f3n.<\/p>\n<p>Durante esta conmemoraci\u00f3n, la alcaldesa acompa\u00f1\u00f3 a la gobernadora de Veracruz, Roc\u00edo Nahle, en la firma para reforzar el programa \u201cVeracruzana Protegida\u201d, una estrategia que busca consolidar mecanismos de atenci\u00f3n, prevenci\u00f3n y apoyo para las mujeres que enfrentan situaciones de violencia o vulnerabilidad.<\/p>\n<p>La presidenta municipal destac\u00f3 que este tipo de iniciativas representan un paso importante para continuar construyendo un estado donde las mujeres puedan desarrollarse con libertad, respeto e igualdad de oportunidades, tambi\u00e9n se\u00f1al\u00f3 que la coordinaci\u00f3n entre los distintos niveles de gobierno es fundamental para generar pol\u00edticas p\u00fablicas que realmente impacten en la vida de las mujeres veracruzanas.<\/p>\n<p>Asimismo, subray\u00f3 que con el fortalecimiento del programa se pretende ampliar las acciones de acompa\u00f1amiento, atenci\u00f3n institucional y prevenci\u00f3n de la violencia de g\u00e9nero, garantizando que m\u00e1s mujeres tengan acceso a herramientas y redes de apoyo que contribuyan a su bienestar y seguridad.<\/p>\n<p>En el marco de esta fecha emblem\u00e1tica, autoridades estatales y municipales coincidieron en que el trabajo conjunto es clave para avanzar en la construcci\u00f3n de una sociedad m\u00e1s justa e incluyente, donde los derechos de las mujeres sean plenamente respetados.<\/p>\n<p>Finalmente, Adanely Rodr\u00edguez,  reiter\u00f3 que su administraci\u00f3n continuar\u00e1 sum\u00e1ndose a las estrategias y programas que impulsen la protecci\u00f3n de las mujeres, promoviendo acciones que permitan erradicar la violencia y fomentar una cultura de igualdad en todo el estado de Veracruz.<\/p>\n","protected":false},"excerpt":{"rendered":"<p>Respalda acciones para fortalecer la protecci\u00f3n de las veracruzanas POZA RICA, VER.- En el marco del D\u00eda Internacional de la Mujer, la presidenta municipal Adanely Rodr\u00edguez, reiter\u00f3 su compromiso de trabajar por la seguridad, la igualdad y la defensa de los derechos de las mujeres, sum\u00e1ndose a las acciones impulsadas a nivel estatal para fortalecer [&hellip;]<\/p>\n","protected":false},"author":2,"featured_media":15038,"comment_status":"open","ping_status":"open","sticky":false,"template":"","format":"standard","meta":{"pagelayer_contact_templates":[],"_pagelayer_content":"","footnotes":""},"categories":[43,45],"tags":[],"class_list":{"0":"post-15035","1":"post","2":"type-post","3":"status-publish","4":"format-standard","5":"has-post-thumbnail","7":"category-notas_locales","8":"category-poza_rica"},"_links":{"self":[{"href":"https:\/\/www.diarioholaveracruz.com.mx\/sitio\/wp-json\/wp\/v2\/posts\/15035","targetHints":{"allow":["GET"]}}],"collection":[{"href":"https:\/\/www.diarioholaveracruz.com.mx\/sitio\/wp-json\/wp\/v2\/posts"}],"about":[{"href":"https:\/\/www.diarioholaveracruz.com.mx\/sitio\/wp-json\/wp\/v2\/types\/post"}],"author":[{"embeddable":true,"href":"https:\/\/www.diarioholaveracruz.com.mx\/sitio\/wp-json\/wp\/v2\/users\/2"}],"replies":[{"embeddable":true,"href":"https:\/\/www.diarioholaveracruz.com.mx\/sitio\/wp-json\/wp\/v2\/comments?post=15035"}],"version-history":[{"count":1,"href":"https:\/\/www.diarioholaveracruz.com.mx\/sitio\/wp-json\/wp\/v2\/posts\/15035\/revisions"}],"predecessor-version":[{"id":15039,"href":"https:\/\/www.diarioholaveracruz.com.mx\/sitio\/wp-json\/wp\/v2\/posts\/15035\/revisions\/15039"}],"wp:featuredmedia":[{"embeddable":true,"href":"https:\/\/www.diarioholaveracruz.com.mx\/sitio\/wp-json\/wp\/v2\/media\/15038"}],"wp:attachment":[{"href":"https:\/\/www.diarioholaveracruz.com.mx\/sitio\/wp-json\/wp\/v2\/media?parent=15035"}],"wp:term":[{"taxonomy":"category","embeddable":true,"href":"https:\/\/www.diarioholaveracruz.com.mx\/sitio\/wp-json\/wp\/v2\/categories?post=15035"},{"taxonomy":"post_tag","embeddable":true,"href":"https:\/\/www.diarioholaveracruz.com.mx\/sitio\/wp-json\/wp\/v2\/tags?post=15035"}],"curies":[{"name":"wp","href":"https:\/\/api.w.org\/{rel}","templated":true}]}}