{"id":15100,"date":"2026-03-09T22:28:18","date_gmt":"2026-03-10T04:28:18","guid":{"rendered":"https:\/\/www.diarioholaveracruz.com.mx\/sitio\/?p=15100"},"modified":"2026-03-09T22:28:18","modified_gmt":"2026-03-10T04:28:18","slug":"expo-acero-posicionara-a-veracruz-en-la-industria-siderurgica-en-america-latina","status":"publish","type":"post","link":"https:\/\/www.diarioholaveracruz.com.mx\/sitio\/expo-acero-posicionara-a-veracruz-en-la-industria-siderurgica-en-america-latina\/","title":{"rendered":"Expo Acero posicionar\u00e1 a Veracruz en la industria sider\u00fargica en Am\u00e9rica Latina"},"content":{"rendered":"<p>>Reunir\u00e1 a m\u00e1s de tres mil participantes y generar\u00e1 derrama econ\u00f3mica en el estado.<\/p>\n<p>Xalapa, Ver., lunes 09 de marzo de 2026.- Veracruz fortalece su posicionamiento industrial y tur\u00edstico con la realizaci\u00f3n del Congreso Expo Acero Veracruz, que reunir\u00e1 a m\u00e1s de 3 mil participantes nacionales e internacionales y generar\u00e1 derrama econ\u00f3mica en el estado.<\/p>\n<p>El encuentro se realizar\u00e1 del 23 al 25 de marzo en el World Trade Center, considerado el evento t\u00e9cnico m\u00e1s importante de la industria del hierro y el acero en Am\u00e9rica Latina.<\/p>\n<p>El secretario de Desarrollo Econ\u00f3mico y Portuario, Ernesto P\u00e9rez Astorga, destac\u00f3 que la llegada de este Congreso refleja la confianza del sector industrial y el trabajo coordinado del Gobierno del Estado con la iniciativa privada para atraer eventos de alto impacto.<\/p>\n<p>Se\u00f1al\u00f3 que Veracruz es uno de los estados con mayor presencia en la industria sider\u00fargica nacional y cuenta con proyectos de inversi\u00f3n e innovaci\u00f3n que fortalecen la generaci\u00f3n de empleo y el desarrollo econ\u00f3mico.<\/p>\n<p>Por su parte, el secretario de Turismo, Igor Fidel Roj\u00ed L\u00f3pez, subray\u00f3 que eventos de esta magnitud fortalecen el turismo de reuniones y generan beneficios directos para hoteleros, restauranteros, transportistas y prestadores de servicios.<\/p>\n<p>Destac\u00f3 que el estado cuenta con infraestructura, conectividad a\u00e9rea y espacios de primer nivel como el World Trade Center, lo que permite atraer congresos y exposiciones de talla internacional.<\/p>\n<p>El presidente de la Asociaci\u00f3n Tecnol\u00f3gica del Hierro y el Acero, \u00d3scar Cha\u00edn, se\u00f1al\u00f3 que Veracruz fue elegido como sede por su relevancia en la producci\u00f3n nacional de acero y por el respaldo de la gobernadora Roc\u00edo Nahle para facilitar la realizaci\u00f3n del evento.<\/p>\n<p>Por su parte, la presidenta interina de Canacintra delegaci\u00f3n Veracruz, Karla Ram\u00edrez Guzm\u00e1n, destac\u00f3 que Expo Acero representa una oportunidad para fortalecer el ecosistema industrial de la regi\u00f3n y consolidar a Veracruz como punto estrat\u00e9gico para el desarrollo sider\u00fargico del pa\u00eds.<\/p>\n<p>El encuentro incluir\u00e1 exposici\u00f3n tecnol\u00f3gica, capacitaci\u00f3n especializada y mesas de negocio que facilitar\u00e1n la vinculaci\u00f3n entre empresas proveedoras, compradores y desarrolladores de proyectos.<\/p>\n<p>Participar\u00e1n representantes de Estados Unidos, Brasil, Argentina, Espa\u00f1a, Alemania, Austria, China, India y Ecuador, quienes intercambiar\u00e1n experiencias sobre innovaci\u00f3n y desarrollo en la industria del acero.<\/p>\n<p>&#8212;-000&#8212;<br \/>\n<div id='gallery-1' class='gallery galleryid-15100 gallery-columns-3 gallery-size-thumbnail'><figure class='gallery-item'>\n\t\t\t<div class='gallery-icon landscape'>\n\t\t\t\t<a href='https:\/\/www.diarioholaveracruz.com.mx\/sitio\/expo-acero-posicionara-a-veracruz-en-la-industria-siderurgica-en-america-latina\/img-20260309-wa0079\/'><img loading=\"lazy\" loading=\"lazy\" decoding=\"async\" width=\"150\" height=\"150\" src=\"https:\/\/www.diarioholaveracruz.com.mx\/sitio\/wp-content\/uploads\/2026\/03\/IMG-20260309-WA0079-150x150.jpg\" class=\"attachment-thumbnail size-thumbnail\" alt=\"\" \/><\/a>\n\t\t\t<\/div><\/figure><figure class='gallery-item'>\n\t\t\t<div class='gallery-icon landscape'>\n\t\t\t\t<a href='https:\/\/www.diarioholaveracruz.com.mx\/sitio\/expo-acero-posicionara-a-veracruz-en-la-industria-siderurgica-en-america-latina\/img-20260309-wa0080\/'><img loading=\"lazy\" loading=\"lazy\" decoding=\"async\" width=\"150\" height=\"150\" src=\"https:\/\/www.diarioholaveracruz.com.mx\/sitio\/wp-content\/uploads\/2026\/03\/IMG-20260309-WA0080-150x150.jpg\" class=\"attachment-thumbnail size-thumbnail\" alt=\"\" \/><\/a>\n\t\t\t<\/div><\/figure><figure class='gallery-item'>\n\t\t\t<div class='gallery-icon landscape'>\n\t\t\t\t<a href='https:\/\/www.diarioholaveracruz.com.mx\/sitio\/expo-acero-posicionara-a-veracruz-en-la-industria-siderurgica-en-america-latina\/img-20260309-wa0077\/'><img loading=\"lazy\" loading=\"lazy\" decoding=\"async\" width=\"150\" height=\"150\" src=\"https:\/\/www.diarioholaveracruz.com.mx\/sitio\/wp-content\/uploads\/2026\/03\/IMG-20260309-WA0077-150x150.jpg\" class=\"attachment-thumbnail size-thumbnail\" alt=\"\" \/><\/a>\n\t\t\t<\/div><\/figure><figure class='gallery-item'>\n\t\t\t<div class='gallery-icon landscape'>\n\t\t\t\t<a href='https:\/\/www.diarioholaveracruz.com.mx\/sitio\/expo-acero-posicionara-a-veracruz-en-la-industria-siderurgica-en-america-latina\/img-20260309-wa0078\/'><img loading=\"lazy\" loading=\"lazy\" decoding=\"async\" width=\"150\" height=\"150\" src=\"https:\/\/www.diarioholaveracruz.com.mx\/sitio\/wp-content\/uploads\/2026\/03\/IMG-20260309-WA0078-150x150.jpg\" class=\"attachment-thumbnail size-thumbnail\" alt=\"\" \/><\/a>\n\t\t\t<\/div><\/figure><figure class='gallery-item'>\n\t\t\t<div class='gallery-icon landscape'>\n\t\t\t\t<a href='https:\/\/www.diarioholaveracruz.com.mx\/sitio\/expo-acero-posicionara-a-veracruz-en-la-industria-siderurgica-en-america-latina\/img-20260309-wa0075\/'><img loading=\"lazy\" loading=\"lazy\" decoding=\"async\" width=\"150\" height=\"150\" src=\"https:\/\/www.diarioholaveracruz.com.mx\/sitio\/wp-content\/uploads\/2026\/03\/IMG-20260309-WA0075-150x150.jpg\" class=\"attachment-thumbnail size-thumbnail\" alt=\"\" \/><\/a>\n\t\t\t<\/div><\/figure><figure class='gallery-item'>\n\t\t\t<div class='gallery-icon landscape'>\n\t\t\t\t<a href='https:\/\/www.diarioholaveracruz.com.mx\/sitio\/expo-acero-posicionara-a-veracruz-en-la-industria-siderurgica-en-america-latina\/img-20260309-wa0076\/'><img loading=\"lazy\" loading=\"lazy\" decoding=\"async\" width=\"150\" height=\"150\" src=\"https:\/\/www.diarioholaveracruz.com.mx\/sitio\/wp-content\/uploads\/2026\/03\/IMG-20260309-WA0076-150x150.jpg\" class=\"attachment-thumbnail size-thumbnail\" alt=\"\" \/><\/a>\n\t\t\t<\/div><\/figure>\n\t\t<\/div>\n<\/p>\n","protected":false},"excerpt":{"rendered":"<p>>Reunir\u00e1 a m\u00e1s de tres mil participantes y generar\u00e1 derrama econ\u00f3mica en el estado. Xalapa, Ver., lunes 09 de marzo de 2026.- Veracruz fortalece su posicionamiento industrial y tur\u00edstico con la realizaci\u00f3n del Congreso Expo Acero Veracruz, que reunir\u00e1 a m\u00e1s de 3 mil participantes nacionales e internacionales y generar\u00e1 derrama econ\u00f3mica en el estado. [&hellip;]<\/p>\n","protected":false},"author":2,"featured_media":15103,"comment_status":"open","ping_status":"open","sticky":false,"template":"","format":"standard","meta":{"pagelayer_contact_templates":[],"_pagelayer_content":"","footnotes":""},"categories":[50,44],"tags":[],"class_list":{"0":"post-15100","1":"post","2":"type-post","3":"status-publish","4":"format-standard","5":"has-post-thumbnail","7":"category-destacadas","8":"category-estatal"},"_links":{"self":[{"href":"https:\/\/www.diarioholaveracruz.com.mx\/sitio\/wp-json\/wp\/v2\/posts\/15100","targetHints":{"allow":["GET"]}}],"collection":[{"href":"https:\/\/www.diarioholaveracruz.com.mx\/sitio\/wp-json\/wp\/v2\/posts"}],"about":[{"href":"https:\/\/www.diarioholaveracruz.com.mx\/sitio\/wp-json\/wp\/v2\/types\/post"}],"author":[{"embeddable":true,"href":"https:\/\/www.diarioholaveracruz.com.mx\/sitio\/wp-json\/wp\/v2\/users\/2"}],"replies":[{"embeddable":true,"href":"https:\/\/www.diarioholaveracruz.com.mx\/sitio\/wp-json\/wp\/v2\/comments?post=15100"}],"version-history":[{"count":1,"href":"https:\/\/www.diarioholaveracruz.com.mx\/sitio\/wp-json\/wp\/v2\/posts\/15100\/revisions"}],"predecessor-version":[{"id":15109,"href":"https:\/\/www.diarioholaveracruz.com.mx\/sitio\/wp-json\/wp\/v2\/posts\/15100\/revisions\/15109"}],"wp:featuredmedia":[{"embeddable":true,"href":"https:\/\/www.diarioholaveracruz.com.mx\/sitio\/wp-json\/wp\/v2\/media\/15103"}],"wp:attachment":[{"href":"https:\/\/www.diarioholaveracruz.com.mx\/sitio\/wp-json\/wp\/v2\/media?parent=15100"}],"wp:term":[{"taxonomy":"category","embeddable":true,"href":"https:\/\/www.diarioholaveracruz.com.mx\/sitio\/wp-json\/wp\/v2\/categories?post=15100"},{"taxonomy":"post_tag","embeddable":true,"href":"https:\/\/www.diarioholaveracruz.com.mx\/sitio\/wp-json\/wp\/v2\/tags?post=15100"}],"curies":[{"name":"wp","href":"https:\/\/api.w.org\/{rel}","templated":true}]}}