{"id":15173,"date":"2026-03-10T10:05:46","date_gmt":"2026-03-10T16:05:46","guid":{"rendered":"https:\/\/www.diarioholaveracruz.com.mx\/sitio\/?p=15173"},"modified":"2026-03-10T10:05:46","modified_gmt":"2026-03-10T16:05:46","slug":"celebraran-la-tradicional-fiesta-en-honor-a-san-jose","status":"publish","type":"post","link":"https:\/\/www.diarioholaveracruz.com.mx\/sitio\/celebraran-la-tradicional-fiesta-en-honor-a-san-jose\/","title":{"rendered":"Celebrar\u00e1n la tradicional fiesta en honor a San Jos\u00e9"},"content":{"rendered":"<p>Agradecieron a su santo patrono por los favores recibidos <\/p>\n<p>ESPINAL, VER.- Habitantes del municipio de Espinal se preparan para vivir una de las celebraciones m\u00e1s significativas de la localidad: la tradicional fiesta patronal en honor a San Jos\u00e9, una festividad que cada a\u00f1o re\u00fane a familias, visitantes y devotos en torno a diversas actividades religiosas, culturales y de convivencia.<\/p>\n<p>Como parte de los preparativos para esta celebraci\u00f3n, personal del Ayuntamiento recibi\u00f3 la imagen del santo patrono en los pasillos del palacio municipal, donde se realiz\u00f3 un momento de oraci\u00f3n y agradecimiento por los favores recibidos a lo largo del a\u00f1o, en este acto participaron trabajadores municipales y autoridades locales, quienes se sumaron con respeto y entusiasmo a esta tradici\u00f3n.<\/p>\n<p>El recorrido fue encabezado por la presidenta municipal Viridiana P\u00e9rez Pati\u00f1o, acompa\u00f1ada por la presidenta del sistema DIF municipal, Leonor Amelia Pati\u00f1o P\u00e9rez, as\u00ed como por directores de distintas \u00e1reas del Ayuntamiento y personal que forma parte de la administraci\u00f3n municipal.<\/p>\n<p>Durante su mensaje, la alcaldesa destac\u00f3 que Espinal es un municipio con una gran riqueza cultural y de tradiciones, por lo que los habitantes ya se encuentran afinando detalles para la llamada \u201cfiesta grande\u201d, la cual dar\u00e1 inicio este fin de semana y contempla un amplio programa de actividades para toda la poblaci\u00f3n.<\/p>\n<p>De acuerdo con lo informado por las autoridades, durante los d\u00edas de celebraci\u00f3n se llevar\u00e1n a cabo eventos art\u00edsticos, culturales, deportivos y religiosos, dise\u00f1ados para el disfrute de las familias espinaltecas y de los visitantes que cada a\u00f1o acuden a participar en esta tradicional feria patronal.<div id='gallery-1' class='gallery galleryid-15173 gallery-columns-3 gallery-size-thumbnail'><figure class='gallery-item'>\n\t\t\t<div class='gallery-icon landscape'>\n\t\t\t\t<a href='https:\/\/www.diarioholaveracruz.com.mx\/sitio\/img-20260310-wa0013\/'><img loading=\"lazy\" loading=\"lazy\" decoding=\"async\" width=\"150\" height=\"150\" src=\"https:\/\/www.diarioholaveracruz.com.mx\/sitio\/wp-content\/uploads\/2026\/03\/IMG-20260310-WA0013-150x150.jpg\" class=\"attachment-thumbnail size-thumbnail\" alt=\"\" \/><\/a>\n\t\t\t<\/div><\/figure><figure class='gallery-item'>\n\t\t\t<div class='gallery-icon landscape'>\n\t\t\t\t<a href='https:\/\/www.diarioholaveracruz.com.mx\/sitio\/img-20260310-wa0014\/'><img loading=\"lazy\" loading=\"lazy\" decoding=\"async\" width=\"150\" height=\"150\" src=\"https:\/\/www.diarioholaveracruz.com.mx\/sitio\/wp-content\/uploads\/2026\/03\/IMG-20260310-WA0014-150x150.jpg\" class=\"attachment-thumbnail size-thumbnail\" alt=\"\" \/><\/a>\n\t\t\t<\/div><\/figure>\n\t\t<\/div>\n<\/p>\n","protected":false},"excerpt":{"rendered":"<p>Agradecieron a su santo patrono por los favores recibidos ESPINAL, VER.- Habitantes del municipio de Espinal se preparan para vivir una de las celebraciones m\u00e1s significativas de la localidad: la tradicional fiesta patronal en honor a San Jos\u00e9, una festividad que cada a\u00f1o re\u00fane a familias, visitantes y devotos en torno a diversas actividades religiosas, [&hellip;]<\/p>\n","protected":false},"author":2,"featured_media":15135,"comment_status":"open","ping_status":"open","sticky":false,"template":"","format":"standard","meta":{"pagelayer_contact_templates":[],"_pagelayer_content":"","footnotes":""},"categories":[50,44],"tags":[],"class_list":{"0":"post-15173","1":"post","2":"type-post","3":"status-publish","4":"format-standard","5":"has-post-thumbnail","7":"category-destacadas","8":"category-estatal"},"_links":{"self":[{"href":"https:\/\/www.diarioholaveracruz.com.mx\/sitio\/wp-json\/wp\/v2\/posts\/15173","targetHints":{"allow":["GET"]}}],"collection":[{"href":"https:\/\/www.diarioholaveracruz.com.mx\/sitio\/wp-json\/wp\/v2\/posts"}],"about":[{"href":"https:\/\/www.diarioholaveracruz.com.mx\/sitio\/wp-json\/wp\/v2\/types\/post"}],"author":[{"embeddable":true,"href":"https:\/\/www.diarioholaveracruz.com.mx\/sitio\/wp-json\/wp\/v2\/users\/2"}],"replies":[{"embeddable":true,"href":"https:\/\/www.diarioholaveracruz.com.mx\/sitio\/wp-json\/wp\/v2\/comments?post=15173"}],"version-history":[{"count":1,"href":"https:\/\/www.diarioholaveracruz.com.mx\/sitio\/wp-json\/wp\/v2\/posts\/15173\/revisions"}],"predecessor-version":[{"id":15179,"href":"https:\/\/www.diarioholaveracruz.com.mx\/sitio\/wp-json\/wp\/v2\/posts\/15173\/revisions\/15179"}],"wp:featuredmedia":[{"embeddable":true,"href":"https:\/\/www.diarioholaveracruz.com.mx\/sitio\/wp-json\/wp\/v2\/media\/15135"}],"wp:attachment":[{"href":"https:\/\/www.diarioholaveracruz.com.mx\/sitio\/wp-json\/wp\/v2\/media?parent=15173"}],"wp:term":[{"taxonomy":"category","embeddable":true,"href":"https:\/\/www.diarioholaveracruz.com.mx\/sitio\/wp-json\/wp\/v2\/categories?post=15173"},{"taxonomy":"post_tag","embeddable":true,"href":"https:\/\/www.diarioholaveracruz.com.mx\/sitio\/wp-json\/wp\/v2\/tags?post=15173"}],"curies":[{"name":"wp","href":"https:\/\/api.w.org\/{rel}","templated":true}]}}