{"id":15234,"date":"2026-03-10T11:45:04","date_gmt":"2026-03-10T17:45:04","guid":{"rendered":"https:\/\/www.diarioholaveracruz.com.mx\/sitio\/?p=15234"},"modified":"2026-03-10T11:45:04","modified_gmt":"2026-03-10T17:45:04","slug":"jovenes-clave-para-la-construccion-de-paz-y-el-futuro-educativo-sev","status":"publish","type":"post","link":"https:\/\/www.diarioholaveracruz.com.mx\/sitio\/jovenes-clave-para-la-construccion-de-paz-y-el-futuro-educativo-sev\/","title":{"rendered":"J\u00f3venes, clave para la construcci\u00f3n de paz y el futuro educativo: SEV"},"content":{"rendered":"<p>Xalapa, Ver., lunes 09 de marzo de 2026.- La Secretar\u00eda de Educaci\u00f3n de Veracruz (SEV) realiz\u00f3 el Lunes C\u00edvico en el Colegio Preparatorio de Xalapa, donde destac\u00f3 el papel de las y los j\u00f3venes como promotores de la cultura de paz, el respeto y el di\u00e1logo dentro de la comunidad escolar.<\/p>\n<p>Ante estudiantes y docentes del turno matutino, encabezados por el director Eduardo Garc\u00eda Ortiz, la secretaria Claudia Tello Espinosa exhort\u00f3 al alumnado a aprovechar las oportunidades de estudio y a contribuir a la construcci\u00f3n de entornos de convivencia pac\u00edfica.<\/p>\n<p>Durante el acto c\u00edvico se subray\u00f3 que la educaci\u00f3n representa una herramienta fundamental en un momento en el que la presidenta de M\u00e9xico, Claudia Sheinbaum Pardo, y la gobernadora de Veracruz, Roc\u00edo Nahle Garc\u00eda, impulsan acciones para ampliar las oportunidades educativas.<\/p>\n<p>En este contexto, el Gobierno del Estado mejora las condiciones de aprendizaje mediante la dotaci\u00f3n de pantallas para telesecundarias, mobiliario y materiales de mantenimiento para escuelas p\u00fablicas del nivel b\u00e1sico.<\/p>\n<p>Asimismo, se destac\u00f3 la participaci\u00f3n de madres y padres de familia en la operaci\u00f3n de las cooperativas escolares, con el prop\u00f3sito de contribuir a la alimentaci\u00f3n de la comunidad estudiantil y generar recursos para el beneficio de los planteles.<\/p>\n<p>&#8212;000&#8212;<br \/>\n<div id='gallery-1' class='gallery galleryid-15234 gallery-columns-3 gallery-size-thumbnail'><figure class='gallery-item'>\n\t\t\t<div class='gallery-icon landscape'>\n\t\t\t\t<a href='https:\/\/www.diarioholaveracruz.com.mx\/sitio\/img-20260310-wa0041\/'><img loading=\"lazy\" loading=\"lazy\" decoding=\"async\" width=\"150\" height=\"150\" src=\"https:\/\/www.diarioholaveracruz.com.mx\/sitio\/wp-content\/uploads\/2026\/03\/IMG-20260310-WA0041-150x150.jpg\" class=\"attachment-thumbnail size-thumbnail\" alt=\"\" \/><\/a>\n\t\t\t<\/div><\/figure><figure class='gallery-item'>\n\t\t\t<div class='gallery-icon landscape'>\n\t\t\t\t<a href='https:\/\/www.diarioholaveracruz.com.mx\/sitio\/img-20260310-wa0040\/'><img loading=\"lazy\" loading=\"lazy\" decoding=\"async\" width=\"150\" height=\"150\" src=\"https:\/\/www.diarioholaveracruz.com.mx\/sitio\/wp-content\/uploads\/2026\/03\/IMG-20260310-WA0040-150x150.jpg\" class=\"attachment-thumbnail size-thumbnail\" alt=\"\" \/><\/a>\n\t\t\t<\/div><\/figure><figure class='gallery-item'>\n\t\t\t<div class='gallery-icon landscape'>\n\t\t\t\t<a href='https:\/\/www.diarioholaveracruz.com.mx\/sitio\/img-20260310-wa0042\/'><img loading=\"lazy\" loading=\"lazy\" decoding=\"async\" width=\"150\" height=\"150\" src=\"https:\/\/www.diarioholaveracruz.com.mx\/sitio\/wp-content\/uploads\/2026\/03\/IMG-20260310-WA0042-150x150.jpg\" class=\"attachment-thumbnail size-thumbnail\" alt=\"\" \/><\/a>\n\t\t\t<\/div><\/figure><figure class='gallery-item'>\n\t\t\t<div class='gallery-icon landscape'>\n\t\t\t\t<a href='https:\/\/www.diarioholaveracruz.com.mx\/sitio\/img-20260310-wa0043\/'><img loading=\"lazy\" loading=\"lazy\" decoding=\"async\" width=\"150\" height=\"150\" src=\"https:\/\/www.diarioholaveracruz.com.mx\/sitio\/wp-content\/uploads\/2026\/03\/IMG-20260310-WA0043-150x150.jpg\" class=\"attachment-thumbnail size-thumbnail\" alt=\"\" \/><\/a>\n\t\t\t<\/div><\/figure>\n\t\t<\/div>\n<\/p>\n","protected":false},"excerpt":{"rendered":"<p>Xalapa, Ver., lunes 09 de marzo de 2026.- La Secretar\u00eda de Educaci\u00f3n de Veracruz (SEV) realiz\u00f3 el Lunes C\u00edvico en el Colegio Preparatorio de Xalapa, donde destac\u00f3 el papel de las y los j\u00f3venes como promotores de la cultura de paz, el respeto y el di\u00e1logo dentro de la comunidad escolar. Ante estudiantes y docentes [&hellip;]<\/p>\n","protected":false},"author":2,"featured_media":15217,"comment_status":"open","ping_status":"open","sticky":false,"template":"","format":"standard","meta":{"pagelayer_contact_templates":[],"_pagelayer_content":"","footnotes":""},"categories":[50,44],"tags":[],"class_list":{"0":"post-15234","1":"post","2":"type-post","3":"status-publish","4":"format-standard","5":"has-post-thumbnail","7":"category-destacadas","8":"category-estatal"},"_links":{"self":[{"href":"https:\/\/www.diarioholaveracruz.com.mx\/sitio\/wp-json\/wp\/v2\/posts\/15234","targetHints":{"allow":["GET"]}}],"collection":[{"href":"https:\/\/www.diarioholaveracruz.com.mx\/sitio\/wp-json\/wp\/v2\/posts"}],"about":[{"href":"https:\/\/www.diarioholaveracruz.com.mx\/sitio\/wp-json\/wp\/v2\/types\/post"}],"author":[{"embeddable":true,"href":"https:\/\/www.diarioholaveracruz.com.mx\/sitio\/wp-json\/wp\/v2\/users\/2"}],"replies":[{"embeddable":true,"href":"https:\/\/www.diarioholaveracruz.com.mx\/sitio\/wp-json\/wp\/v2\/comments?post=15234"}],"version-history":[{"count":1,"href":"https:\/\/www.diarioholaveracruz.com.mx\/sitio\/wp-json\/wp\/v2\/posts\/15234\/revisions"}],"predecessor-version":[{"id":15254,"href":"https:\/\/www.diarioholaveracruz.com.mx\/sitio\/wp-json\/wp\/v2\/posts\/15234\/revisions\/15254"}],"wp:featuredmedia":[{"embeddable":true,"href":"https:\/\/www.diarioholaveracruz.com.mx\/sitio\/wp-json\/wp\/v2\/media\/15217"}],"wp:attachment":[{"href":"https:\/\/www.diarioholaveracruz.com.mx\/sitio\/wp-json\/wp\/v2\/media?parent=15234"}],"wp:term":[{"taxonomy":"category","embeddable":true,"href":"https:\/\/www.diarioholaveracruz.com.mx\/sitio\/wp-json\/wp\/v2\/categories?post=15234"},{"taxonomy":"post_tag","embeddable":true,"href":"https:\/\/www.diarioholaveracruz.com.mx\/sitio\/wp-json\/wp\/v2\/tags?post=15234"}],"curies":[{"name":"wp","href":"https:\/\/api.w.org\/{rel}","templated":true}]}}