{"id":15370,"date":"2026-03-11T19:51:36","date_gmt":"2026-03-12T01:51:36","guid":{"rendered":"https:\/\/www.diarioholaveracruz.com.mx\/sitio\/?p=15370"},"modified":"2026-03-11T19:51:36","modified_gmt":"2026-03-12T01:51:36","slug":"feria-por-la-salud-de-todas-acerca-servicios-medicos-y-orientacion-a-mujeres","status":"publish","type":"post","link":"https:\/\/www.diarioholaveracruz.com.mx\/sitio\/feria-por-la-salud-de-todas-acerca-servicios-medicos-y-orientacion-a-mujeres\/","title":{"rendered":"Feria Por la salud de todas acerca servicios m\u00e9dicos y orientaci\u00f3n a mujeres"},"content":{"rendered":"<p>Xalapa, Ver., mi\u00e9rcoles 11 de marzo de 2026.- En el marco del D\u00eda Internacional de las Mujeres, la Secretar\u00eda de Salud (SS), realiz\u00f3 la feria Por la salud de todas, con el prop\u00f3sito de fortalecer el acceso de las veracruzanas a servicios de atenci\u00f3n, prevenci\u00f3n y orientaci\u00f3n en salud.<\/p>\n<p>Durante la jornada se instalaron m\u00f3dulos informativos y de atenci\u00f3n que ofrecieron servicios de salud mental, prevenci\u00f3n de adicciones, orientaci\u00f3n frente a la violencia de g\u00e9nero, planificaci\u00f3n familiar y salud reproductiva, as\u00ed como informaci\u00f3n sobre acceso al aborto seguro. <\/p>\n<p>Tambi\u00e9n se realizaron acciones de detecci\u00f3n oportuna de c\u00e1ncer de mama y cervicouterino, pruebas r\u00e1pidas de VIH y s\u00edfilis, adem\u00e1s de orientaci\u00f3n en nutrici\u00f3n y salud bucal.<\/p>\n<p>Como parte de las actividades, se imparti\u00f3 la charla especializada Derechos de las mujeres y ni\u00f1as, con el objetivo de reforzar el reconocimiento de que el acceso a la salud es un componente fundamental para el ejercicio pleno de sus derechos.<\/p>\n<p>Al inaugurar las actividades, la titular de la dependencia, Mariela Hern\u00e1ndez Garc\u00eda, subray\u00f3 que garantizar la salud de las mujeres tambi\u00e9n es avanzar hacia la igualdad, al convocar a fortalecer la sororidad y el apoyo institucional para que cada veracruzana tenga acceso a bienestar, dignidad y atenci\u00f3n oportuna.<\/p>\n<p>Por su parte, la directora general del Instituto Veracruzano de las Mujeres, Zaira del Toro Olivares, reconoci\u00f3 la coordinaci\u00f3n entre instituciones para atender y prevenir la violencia de g\u00e9nero, destacando la labor del personal de salud para acompa\u00f1ar a las mujeres y contribuir a salvar vidas.<\/p>\n<p>&#8212;000&#8212;<div id='gallery-1' class='gallery galleryid-15370 gallery-columns-3 gallery-size-thumbnail'><figure class='gallery-item'>\n\t\t\t<div class='gallery-icon landscape'>\n\t\t\t\t<a href='https:\/\/www.diarioholaveracruz.com.mx\/sitio\/feria-por-la-salud-de-todas-acerca-servicios-medicos-y-orientacion-a-mujeres\/img-20260311-wa0024\/'><img loading=\"lazy\" loading=\"lazy\" decoding=\"async\" width=\"150\" height=\"150\" src=\"https:\/\/www.diarioholaveracruz.com.mx\/sitio\/wp-content\/uploads\/2026\/03\/IMG-20260311-WA0024-150x150.jpg\" class=\"attachment-thumbnail size-thumbnail\" alt=\"\" \/><\/a>\n\t\t\t<\/div><\/figure><figure class='gallery-item'>\n\t\t\t<div class='gallery-icon landscape'>\n\t\t\t\t<a href='https:\/\/www.diarioholaveracruz.com.mx\/sitio\/feria-por-la-salud-de-todas-acerca-servicios-medicos-y-orientacion-a-mujeres\/img-20260311-wa0023\/'><img loading=\"lazy\" loading=\"lazy\" decoding=\"async\" width=\"150\" height=\"150\" src=\"https:\/\/www.diarioholaveracruz.com.mx\/sitio\/wp-content\/uploads\/2026\/03\/IMG-20260311-WA0023-150x150.jpg\" class=\"attachment-thumbnail size-thumbnail\" alt=\"\" \/><\/a>\n\t\t\t<\/div><\/figure><figure class='gallery-item'>\n\t\t\t<div class='gallery-icon landscape'>\n\t\t\t\t<a href='https:\/\/www.diarioholaveracruz.com.mx\/sitio\/feria-por-la-salud-de-todas-acerca-servicios-medicos-y-orientacion-a-mujeres\/img-20260311-wa0022\/'><img loading=\"lazy\" loading=\"lazy\" decoding=\"async\" width=\"150\" height=\"150\" src=\"https:\/\/www.diarioholaveracruz.com.mx\/sitio\/wp-content\/uploads\/2026\/03\/IMG-20260311-WA0022-150x150.jpg\" class=\"attachment-thumbnail size-thumbnail\" alt=\"\" \/><\/a>\n\t\t\t<\/div><\/figure><figure class='gallery-item'>\n\t\t\t<div class='gallery-icon landscape'>\n\t\t\t\t<a href='https:\/\/www.diarioholaveracruz.com.mx\/sitio\/feria-por-la-salud-de-todas-acerca-servicios-medicos-y-orientacion-a-mujeres\/img-20260311-wa0025\/'><img loading=\"lazy\" loading=\"lazy\" decoding=\"async\" width=\"150\" height=\"150\" src=\"https:\/\/www.diarioholaveracruz.com.mx\/sitio\/wp-content\/uploads\/2026\/03\/IMG-20260311-WA0025-150x150.jpg\" class=\"attachment-thumbnail size-thumbnail\" alt=\"\" \/><\/a>\n\t\t\t<\/div><\/figure>\n\t\t<\/div>\n<\/p>\n","protected":false},"excerpt":{"rendered":"<p>Xalapa, Ver., mi\u00e9rcoles 11 de marzo de 2026.- En el marco del D\u00eda Internacional de las Mujeres, la Secretar\u00eda de Salud (SS), realiz\u00f3 la feria Por la salud de todas, con el prop\u00f3sito de fortalecer el acceso de las veracruzanas a servicios de atenci\u00f3n, prevenci\u00f3n y orientaci\u00f3n en salud. Durante la jornada se instalaron m\u00f3dulos [&hellip;]<\/p>\n","protected":false},"author":2,"featured_media":15376,"comment_status":"open","ping_status":"open","sticky":false,"template":"","format":"standard","meta":{"pagelayer_contact_templates":[],"_pagelayer_content":"","footnotes":""},"categories":[50,44],"tags":[],"class_list":{"0":"post-15370","1":"post","2":"type-post","3":"status-publish","4":"format-standard","5":"has-post-thumbnail","7":"category-destacadas","8":"category-estatal"},"_links":{"self":[{"href":"https:\/\/www.diarioholaveracruz.com.mx\/sitio\/wp-json\/wp\/v2\/posts\/15370","targetHints":{"allow":["GET"]}}],"collection":[{"href":"https:\/\/www.diarioholaveracruz.com.mx\/sitio\/wp-json\/wp\/v2\/posts"}],"about":[{"href":"https:\/\/www.diarioholaveracruz.com.mx\/sitio\/wp-json\/wp\/v2\/types\/post"}],"author":[{"embeddable":true,"href":"https:\/\/www.diarioholaveracruz.com.mx\/sitio\/wp-json\/wp\/v2\/users\/2"}],"replies":[{"embeddable":true,"href":"https:\/\/www.diarioholaveracruz.com.mx\/sitio\/wp-json\/wp\/v2\/comments?post=15370"}],"version-history":[{"count":1,"href":"https:\/\/www.diarioholaveracruz.com.mx\/sitio\/wp-json\/wp\/v2\/posts\/15370\/revisions"}],"predecessor-version":[{"id":15377,"href":"https:\/\/www.diarioholaveracruz.com.mx\/sitio\/wp-json\/wp\/v2\/posts\/15370\/revisions\/15377"}],"wp:featuredmedia":[{"embeddable":true,"href":"https:\/\/www.diarioholaveracruz.com.mx\/sitio\/wp-json\/wp\/v2\/media\/15376"}],"wp:attachment":[{"href":"https:\/\/www.diarioholaveracruz.com.mx\/sitio\/wp-json\/wp\/v2\/media?parent=15370"}],"wp:term":[{"taxonomy":"category","embeddable":true,"href":"https:\/\/www.diarioholaveracruz.com.mx\/sitio\/wp-json\/wp\/v2\/categories?post=15370"},{"taxonomy":"post_tag","embeddable":true,"href":"https:\/\/www.diarioholaveracruz.com.mx\/sitio\/wp-json\/wp\/v2\/tags?post=15370"}],"curies":[{"name":"wp","href":"https:\/\/api.w.org\/{rel}","templated":true}]}}