{"id":15440,"date":"2026-03-12T17:08:20","date_gmt":"2026-03-12T23:08:20","guid":{"rendered":"https:\/\/www.diarioholaveracruz.com.mx\/sitio\/?p=15440"},"modified":"2026-03-12T17:08:20","modified_gmt":"2026-03-12T23:08:20","slug":"elementos-de-seguridad-y-semar-reciben-capacitacion-en-primeros-auxilios","status":"publish","type":"post","link":"https:\/\/www.diarioholaveracruz.com.mx\/sitio\/elementos-de-seguridad-y-semar-reciben-capacitacion-en-primeros-auxilios\/","title":{"rendered":"Elementos de seguridad y SEMAR reciben capacitaci\u00f3n en primeros auxilios"},"content":{"rendered":"<p>Como parte del esquema de capacitaci\u00f3n constante para fortalecer la atenci\u00f3n a la ciudadan\u00eda, elementos de la Polic\u00eda Municipal y personal de la Secretar\u00eda de Marina (SEMAR) que brindan apoyo a la seguridad p\u00fablica participaron en una jornada de pr\u00e1cticas de primeros auxilios impartida por personal de la Cruz Roja Delegaci\u00f3n Tuxpan.<\/p>\n<p>Durante la capacitaci\u00f3n, los elementos realizaron ejercicios enfocados en t\u00e9cnicas de inmovilizaci\u00f3n de columna cervical y reanimaci\u00f3n cardiopulmonar (RCP), habilidades fundamentales para brindar atenci\u00f3n inmediata en situaciones de emergencia y salvaguardar la vida de las personas.<\/p>\n<p>Estas actividades forman parte de las acciones encaminadas a mejorar la preparaci\u00f3n de los cuerpos de seguridad, permiti\u00e9ndoles actuar de manera oportuna y eficaz ante incidentes que requieran intervenci\u00f3n m\u00e9dica b\u00e1sica.<\/p>\n<p>Autoridades destacaron que con este tipo de capacitaciones se refuerza el compromiso de las corporaciones de seguridad de trabajar siempre en beneficio de una mejor atenci\u00f3n y protecci\u00f3n para la ciudadan\u00eda tuxpe\u00f1a.<div id='gallery-1' class='gallery galleryid-15440 gallery-columns-3 gallery-size-thumbnail'><figure class='gallery-item'>\n\t\t\t<div class='gallery-icon landscape'>\n\t\t\t\t<a href='https:\/\/www.diarioholaveracruz.com.mx\/sitio\/elementos-de-seguridad-y-semar-reciben-capacitacion-en-primeros-auxilios\/img-20260312-wa0067\/'><img loading=\"lazy\" loading=\"lazy\" decoding=\"async\" width=\"150\" height=\"150\" src=\"https:\/\/www.diarioholaveracruz.com.mx\/sitio\/wp-content\/uploads\/2026\/03\/IMG-20260312-WA0067-150x150.jpg\" class=\"attachment-thumbnail size-thumbnail\" alt=\"\" \/><\/a>\n\t\t\t<\/div><\/figure><figure class='gallery-item'>\n\t\t\t<div class='gallery-icon landscape'>\n\t\t\t\t<a href='https:\/\/www.diarioholaveracruz.com.mx\/sitio\/elementos-de-seguridad-y-semar-reciben-capacitacion-en-primeros-auxilios\/img-20260312-wa0068\/'><img loading=\"lazy\" loading=\"lazy\" decoding=\"async\" width=\"150\" height=\"150\" src=\"https:\/\/www.diarioholaveracruz.com.mx\/sitio\/wp-content\/uploads\/2026\/03\/IMG-20260312-WA0068-150x150.jpg\" class=\"attachment-thumbnail size-thumbnail\" alt=\"\" \/><\/a>\n\t\t\t<\/div><\/figure><figure class='gallery-item'>\n\t\t\t<div class='gallery-icon landscape'>\n\t\t\t\t<a href='https:\/\/www.diarioholaveracruz.com.mx\/sitio\/elementos-de-seguridad-y-semar-reciben-capacitacion-en-primeros-auxilios\/img-20260312-wa0066\/'><img loading=\"lazy\" loading=\"lazy\" decoding=\"async\" width=\"150\" height=\"150\" src=\"https:\/\/www.diarioholaveracruz.com.mx\/sitio\/wp-content\/uploads\/2026\/03\/IMG-20260312-WA0066-150x150.jpg\" class=\"attachment-thumbnail size-thumbnail\" alt=\"\" \/><\/a>\n\t\t\t<\/div><\/figure>\n\t\t<\/div>\n<\/p>\n","protected":false},"excerpt":{"rendered":"<p>Como parte del esquema de capacitaci\u00f3n constante para fortalecer la atenci\u00f3n a la ciudadan\u00eda, elementos de la Polic\u00eda Municipal y personal de la Secretar\u00eda de Marina (SEMAR) que brindan apoyo a la seguridad p\u00fablica participaron en una jornada de pr\u00e1cticas de primeros auxilios impartida por personal de la Cruz Roja Delegaci\u00f3n Tuxpan. Durante la capacitaci\u00f3n, [&hellip;]<\/p>\n","protected":false},"author":2,"featured_media":15448,"comment_status":"open","ping_status":"open","sticky":false,"template":"","format":"standard","meta":{"pagelayer_contact_templates":[],"_pagelayer_content":"","footnotes":""},"categories":[50,44],"tags":[],"class_list":{"0":"post-15440","1":"post","2":"type-post","3":"status-publish","4":"format-standard","5":"has-post-thumbnail","7":"category-destacadas","8":"category-estatal"},"_links":{"self":[{"href":"https:\/\/www.diarioholaveracruz.com.mx\/sitio\/wp-json\/wp\/v2\/posts\/15440","targetHints":{"allow":["GET"]}}],"collection":[{"href":"https:\/\/www.diarioholaveracruz.com.mx\/sitio\/wp-json\/wp\/v2\/posts"}],"about":[{"href":"https:\/\/www.diarioholaveracruz.com.mx\/sitio\/wp-json\/wp\/v2\/types\/post"}],"author":[{"embeddable":true,"href":"https:\/\/www.diarioholaveracruz.com.mx\/sitio\/wp-json\/wp\/v2\/users\/2"}],"replies":[{"embeddable":true,"href":"https:\/\/www.diarioholaveracruz.com.mx\/sitio\/wp-json\/wp\/v2\/comments?post=15440"}],"version-history":[{"count":2,"href":"https:\/\/www.diarioholaveracruz.com.mx\/sitio\/wp-json\/wp\/v2\/posts\/15440\/revisions"}],"predecessor-version":[{"id":15451,"href":"https:\/\/www.diarioholaveracruz.com.mx\/sitio\/wp-json\/wp\/v2\/posts\/15440\/revisions\/15451"}],"wp:featuredmedia":[{"embeddable":true,"href":"https:\/\/www.diarioholaveracruz.com.mx\/sitio\/wp-json\/wp\/v2\/media\/15448"}],"wp:attachment":[{"href":"https:\/\/www.diarioholaveracruz.com.mx\/sitio\/wp-json\/wp\/v2\/media?parent=15440"}],"wp:term":[{"taxonomy":"category","embeddable":true,"href":"https:\/\/www.diarioholaveracruz.com.mx\/sitio\/wp-json\/wp\/v2\/categories?post=15440"},{"taxonomy":"post_tag","embeddable":true,"href":"https:\/\/www.diarioholaveracruz.com.mx\/sitio\/wp-json\/wp\/v2\/tags?post=15440"}],"curies":[{"name":"wp","href":"https:\/\/api.w.org\/{rel}","templated":true}]}}