{"id":17370,"date":"2026-04-07T21:18:17","date_gmt":"2026-04-08T03:18:17","guid":{"rendered":"https:\/\/www.diarioholaveracruz.com.mx\/sitio\/?p=17370"},"modified":"2026-04-07T21:18:17","modified_gmt":"2026-04-08T03:18:17","slug":"coordinador-estatal-vicente-aguilar-aguilar-5","status":"publish","type":"post","link":"https:\/\/www.diarioholaveracruz.com.mx\/sitio\/coordinador-estatal-vicente-aguilar-aguilar-5\/","title":{"rendered":"Coordinador Estatal Vicente Aguilar Aguilar"},"content":{"rendered":"<p>Enhorabuena, seg\u00fan una medici\u00f3n nacional realizada por Demoscop\u00eda Digital en el periodo de marzo de 2026, la compa\u00f1era  Gobernadora Roc\u00edo Nahle alcanz\u00f3 un 61.8% de aprobaci\u00f3n ciudadana, posicionandose as\u00ed entre las gobernadoras mejor evaluadas del pais, ubicandose en la media alta dentro del bloque competitivo de las  gobernadoras. Esta demuestra el buen trabajo que ha hecho en el estado, toda vez, que el resultado se vio a la alza en comparaci\u00f3n del a\u00f1o pasado con una diferencia del 6.2% en su gesti\u00f3n, estos datos le duele a la oposici\u00f3n ya que muestran una tendencia positiva en la percepci\u00f3n de su gesti\u00f3n por parte de la ciudadan\u00eda.<br \/>\nCabe mencionar que el estudio se llev\u00f3 acabo del 27 al 30 de marzo del en diferentes estados de la rep\u00fablica.<\/p>\n<p>Por otro lado. El Partido del Trabajo, manifiesta que en la elecci\u00f3n municipal extraordinaria en el municipio de  Tamiahua, nuestro instituto politico le gan\u00f3 la elecci\u00f3n a Morenay PVEM como partido. Aunque perdimos por la coalici\u00f3n formada por dichos partidos por 24 votos, Esto permite demostrar un claro mensaje, que se ha replicando en muchos municipios del estado. Tambien es una se\u00f1al que nos dice que nos pongamos las pilas, para que la 4T se mantenga unida para este 2027 y no arriesgar  triunfos si no  se actua con buenos acuerdos y respeto para fortalecer las posibles alianzas.<br \/>\nAsimismo informamos que se impugno dicha eleci\u00f3n, toda vez, que existieron m\u00faltiples irregularidades, por la cual, ser\u00e1 los \u00f3rganos electorales jurisdiccional  los que determinen la valides de la elecci\u00f3n.<\/p>\n<p>Por otra parte. Normalmente las manifestaciones se dan por alg\u00fan problema, mismos que deben ser atendidos  oportunamente y jam\u00e1s se deben descalificar ni minimizar \u00e9ste tipo de expresiones. Por ello, se exhorta al gobierno  federal y al estatal a efecto de atender los planteamientos de la poblaci\u00f3n; al pueblo veracruzano se le invita a sumarse a las labores para apoyar la limpieza de nuestras playas para que el turismo siga teniendo la mejor impresi\u00f3n de nuestro medio ambiente y las mejores atenciones de los prestadores de servicios; el turismo dejo en Veracruz una derrama millonaria en los distintos destinos tur\u00edsticos, por todo ello, el PT est\u00e1 a favor de trabajar hombro con hombro sociedad y gobierno af\u00edn de encontrar soluciones a los distintos planteamientos y demandas de la poblaci\u00f3n.<\/p>\n<p>El Partido del Trabajo sostiene que la legalidad no puede quedar rebasada por la complejidad que han alcanzado las pr\u00e1cticas delictivas. La reforma al art\u00edculo 230 del C\u00f3digo Penal del Estado, en materia de operaciones con recursos de procedencia il\u00edcita, responde a una necesidad que la propia realidad ha dejado en evidencia. La evoluci\u00f3n de estas conductas exige una actualizaci\u00f3n que cierre los espacios de impunidad y fortalezca la acci\u00f3n del Estado. Precisar el concepto de \u201cactividad il\u00edcita\u201d no es un asunto menor; es una condici\u00f3n para dar certeza jur\u00eddica y evitar interpretaciones que diluyan la responsabilidad. La ley debe alcanzar no s\u00f3lo a quien ejecuta estas pr\u00e1cticas, sino tambi\u00e9n a quienes las permiten o facilitan. Garantizar su cumplimiento es una obligaci\u00f3n del Estado para proteger el orden p\u00fablico y el inter\u00e9s colectivo.<\/p>\n<p>El Partido del Trabajo, sostiene que frente a las afectaciones derivadas del derrame de hidrocarburos en costas de Veracruz, la intervenci\u00f3n de Petr\u00f3leos Mexicanos debe asumirse en funci\u00f3n de la responsabilidad que le corresponde ante este tipo de hechos. El esquema de apoyo superior a los 35 millones de pesos destinado a comunidades y al sector pesquero constituye una respuesta necesaria ante los efectos generados en la regi\u00f3n. Sin embargo, la dimensi\u00f3n de estas afectaciones exige que la atenci\u00f3n no se limite a la etapa inicial, sino que se mantenga con resultados claros en el tiempo. No se trata s\u00f3lo de atender la contingencia, sino de restablecer las condiciones que permiten la continuidad de la actividad productiva. Corresponde a las instancias responsables actuar con firmeza para asegurar que esta atenci\u00f3n se sostenga. La responsabilidad p\u00fablica no se agota en la respuesta inicial, se confirma en su cumplimiento.<\/p>\n<p>Por \u00faltimo, el Partido del Trabajo advierte que, tras las recientes lluvias en diversas regiones del estado, se ha hecho evidente el deterioro de calles y vialidades, afectando la movilidad y la seguridad de la poblaci\u00f3n. En municipios como Xalapa, estas condiciones resultan particularmente visibles y demandan atenci\u00f3n oportuna. Si bien Protecci\u00f3n Civil ha emitido recomendaciones ante los efectos del frente fr\u00edo, es indispensable que dichas medidas se acompa\u00f1en de acciones preventivas y correctivas en materia de obra p\u00fablica. La respuesta no puede limitarse a medidas moment\u00e1neas; debe asumirse como una tarea permanente. Corresponde a las autoridades actuar con previsi\u00f3n y garantizar condiciones adecuadas en la infraestructura urbana. Al mismo tiempo, el uso del agua de lluvia no puede seguir posterg\u00e1ndose. Su captaci\u00f3n debe impulsarse como una medida necesaria, con participaci\u00f3n social y respaldo institucional. El agua es un bien fundamental cuya gesti\u00f3n exige previsi\u00f3n y responsabilidad.<\/p>\n","protected":false},"excerpt":{"rendered":"<p>Enhorabuena, seg\u00fan una medici\u00f3n nacional realizada por Demoscop\u00eda Digital en el periodo de marzo de 2026, la compa\u00f1era Gobernadora Roc\u00edo Nahle alcanz\u00f3 un 61.8% de aprobaci\u00f3n ciudadana, posicionandose as\u00ed entre las gobernadoras mejor evaluadas del pais, ubicandose en la media alta dentro del bloque competitivo de las gobernadoras. Esta demuestra el buen trabajo que ha [&hellip;]<\/p>\n","protected":false},"author":2,"featured_media":17408,"comment_status":"open","ping_status":"open","sticky":false,"template":"","format":"standard","meta":{"pagelayer_contact_templates":[],"_pagelayer_content":"","footnotes":""},"categories":[50,44],"tags":[],"class_list":{"0":"post-17370","1":"post","2":"type-post","3":"status-publish","4":"format-standard","5":"has-post-thumbnail","7":"category-destacadas","8":"category-estatal"},"_links":{"self":[{"href":"https:\/\/www.diarioholaveracruz.com.mx\/sitio\/wp-json\/wp\/v2\/posts\/17370","targetHints":{"allow":["GET"]}}],"collection":[{"href":"https:\/\/www.diarioholaveracruz.com.mx\/sitio\/wp-json\/wp\/v2\/posts"}],"about":[{"href":"https:\/\/www.diarioholaveracruz.com.mx\/sitio\/wp-json\/wp\/v2\/types\/post"}],"author":[{"embeddable":true,"href":"https:\/\/www.diarioholaveracruz.com.mx\/sitio\/wp-json\/wp\/v2\/users\/2"}],"replies":[{"embeddable":true,"href":"https:\/\/www.diarioholaveracruz.com.mx\/sitio\/wp-json\/wp\/v2\/comments?post=17370"}],"version-history":[{"count":1,"href":"https:\/\/www.diarioholaveracruz.com.mx\/sitio\/wp-json\/wp\/v2\/posts\/17370\/revisions"}],"predecessor-version":[{"id":17419,"href":"https:\/\/www.diarioholaveracruz.com.mx\/sitio\/wp-json\/wp\/v2\/posts\/17370\/revisions\/17419"}],"wp:featuredmedia":[{"embeddable":true,"href":"https:\/\/www.diarioholaveracruz.com.mx\/sitio\/wp-json\/wp\/v2\/media\/17408"}],"wp:attachment":[{"href":"https:\/\/www.diarioholaveracruz.com.mx\/sitio\/wp-json\/wp\/v2\/media?parent=17370"}],"wp:term":[{"taxonomy":"category","embeddable":true,"href":"https:\/\/www.diarioholaveracruz.com.mx\/sitio\/wp-json\/wp\/v2\/categories?post=17370"},{"taxonomy":"post_tag","embeddable":true,"href":"https:\/\/www.diarioholaveracruz.com.mx\/sitio\/wp-json\/wp\/v2\/tags?post=17370"}],"curies":[{"name":"wp","href":"https:\/\/api.w.org\/{rel}","templated":true}]}}