{"id":17430,"date":"2026-04-08T16:40:57","date_gmt":"2026-04-08T22:40:57","guid":{"rendered":"https:\/\/www.diarioholaveracruz.com.mx\/sitio\/?p=17430"},"modified":"2026-04-08T16:40:57","modified_gmt":"2026-04-08T22:40:57","slug":"anuncian-carrera-familiar-pasos-locos-en-familia","status":"publish","type":"post","link":"https:\/\/www.diarioholaveracruz.com.mx\/sitio\/anuncian-carrera-familiar-pasos-locos-en-familia\/","title":{"rendered":"Anuncian carrera familiar \u201cPasos Locos en Familia\u201d"},"content":{"rendered":"<p>Para fomentar la convivencia en Papantla<\/p>\n<p>PAPANTLA, VER.- Para impulsar la convivencia, el deporte y la uni\u00f3n familiar, autoridades municipales anunciaron la realizaci\u00f3n de la carrera con causa \u201cPasos Locos en Familia\u201d, la cual se llevar\u00e1 a cabo el pr\u00f3ximo 12 de abril.<\/p>\n<p>El evento est\u00e1 programado para iniciar a las 7:00 de la ma\u00f1ana, teniendo como punto de partida el Mural Homenaje a la Cultura Totonaca, desde donde las familias recorrer\u00e1n una distancia de 1.8 kil\u00f3metros en un ambiente recreativo y de integraci\u00f3n.<\/p>\n<p>De acuerdo con los organizadores, la din\u00e1mica principal consiste en que los integrantes de cada familia inicien y concluyan el recorrido juntos, promoviendo as\u00ed la unidad y el trabajo en equipo.<\/p>\n<p>La coordinaci\u00f3n del evento estar\u00e1 a cargo de la regidur\u00eda decimoprimera, encabezada por Laura Lizzete Moncayo Villanueva, quien destac\u00f3 que se premiar\u00e1 a las primeras cinco familias en cruzar la meta.<\/p>\n<p>Asimismo, se inform\u00f3 que las inscripciones estar\u00e1n disponibles a partir de este martes en las oficinas correspondientes o mediante los n\u00fameros telef\u00f3nicos proporcionados por los organizadores.<\/p>\n<p>Finalmente, autoridades municipales reiteraron la invitaci\u00f3n a la ciudadan\u00eda para participar en esta actividad, subrayando que este tipo de eventos fortalecen el tejido social y promueven h\u00e1bitos saludables en la poblaci\u00f3n de Papantla.<div id='gallery-1' class='gallery galleryid-17430 gallery-columns-3 gallery-size-large'><figure class='gallery-item'>\n\t\t\t<div class='gallery-icon landscape'>\n\t\t\t\t<a href='https:\/\/www.diarioholaveracruz.com.mx\/sitio\/img-20260408-wa0022\/'><img loading=\"lazy\" loading=\"lazy\" decoding=\"async\" width=\"1024\" height=\"792\" src=\"https:\/\/www.diarioholaveracruz.com.mx\/sitio\/wp-content\/uploads\/2026\/04\/IMG-20260408-WA0022-1024x792.jpg\" class=\"attachment-large size-large\" alt=\"\" \/><\/a>\n\t\t\t<\/div><\/figure>\n\t\t<\/div>\n<\/p>\n","protected":false},"excerpt":{"rendered":"<p>Para fomentar la convivencia en Papantla PAPANTLA, VER.- Para impulsar la convivencia, el deporte y la uni\u00f3n familiar, autoridades municipales anunciaron la realizaci\u00f3n de la carrera con causa \u201cPasos Locos en Familia\u201d, la cual se llevar\u00e1 a cabo el pr\u00f3ximo 12 de abril. El evento est\u00e1 programado para iniciar a las 7:00 de la ma\u00f1ana, [&hellip;]<\/p>\n","protected":false},"author":2,"featured_media":17439,"comment_status":"open","ping_status":"open","sticky":false,"template":"","format":"standard","meta":{"pagelayer_contact_templates":[],"_pagelayer_content":"","footnotes":""},"categories":[43,49],"tags":[],"class_list":{"0":"post-17430","1":"post","2":"type-post","3":"status-publish","4":"format-standard","5":"has-post-thumbnail","7":"category-notas_locales","8":"category-papantla"},"_links":{"self":[{"href":"https:\/\/www.diarioholaveracruz.com.mx\/sitio\/wp-json\/wp\/v2\/posts\/17430","targetHints":{"allow":["GET"]}}],"collection":[{"href":"https:\/\/www.diarioholaveracruz.com.mx\/sitio\/wp-json\/wp\/v2\/posts"}],"about":[{"href":"https:\/\/www.diarioholaveracruz.com.mx\/sitio\/wp-json\/wp\/v2\/types\/post"}],"author":[{"embeddable":true,"href":"https:\/\/www.diarioholaveracruz.com.mx\/sitio\/wp-json\/wp\/v2\/users\/2"}],"replies":[{"embeddable":true,"href":"https:\/\/www.diarioholaveracruz.com.mx\/sitio\/wp-json\/wp\/v2\/comments?post=17430"}],"version-history":[{"count":1,"href":"https:\/\/www.diarioholaveracruz.com.mx\/sitio\/wp-json\/wp\/v2\/posts\/17430\/revisions"}],"predecessor-version":[{"id":17440,"href":"https:\/\/www.diarioholaveracruz.com.mx\/sitio\/wp-json\/wp\/v2\/posts\/17430\/revisions\/17440"}],"wp:featuredmedia":[{"embeddable":true,"href":"https:\/\/www.diarioholaveracruz.com.mx\/sitio\/wp-json\/wp\/v2\/media\/17439"}],"wp:attachment":[{"href":"https:\/\/www.diarioholaveracruz.com.mx\/sitio\/wp-json\/wp\/v2\/media?parent=17430"}],"wp:term":[{"taxonomy":"category","embeddable":true,"href":"https:\/\/www.diarioholaveracruz.com.mx\/sitio\/wp-json\/wp\/v2\/categories?post=17430"},{"taxonomy":"post_tag","embeddable":true,"href":"https:\/\/www.diarioholaveracruz.com.mx\/sitio\/wp-json\/wp\/v2\/tags?post=17430"}],"curies":[{"name":"wp","href":"https:\/\/api.w.org\/{rel}","templated":true}]}}