{"id":17478,"date":"2026-04-09T09:12:44","date_gmt":"2026-04-09T15:12:44","guid":{"rendered":"https:\/\/www.diarioholaveracruz.com.mx\/sitio\/?p=17478"},"modified":"2026-04-09T09:12:44","modified_gmt":"2026-04-09T15:12:44","slug":"impulsan-consultas-medicas-de-especialidad","status":"publish","type":"post","link":"https:\/\/www.diarioholaveracruz.com.mx\/sitio\/impulsan-consultas-medicas-de-especialidad\/","title":{"rendered":"Impulsan consultas m\u00e9dicas de especialidad"},"content":{"rendered":"<p>Servicios se ofrecen a bajo costo <\/p>\n<p>GUTI\u00c9RREZ ZAMORA, VER.\u2013 Como parte de las acciones para fortalecer el acceso a servicios de salud, el DIF Municipal, en coordinaci\u00f3n con la Fundaci\u00f3n Silvestre Pastrana A.C., llev\u00f3 a cabo una jornada de consultas m\u00e9dicas de especialidad a bajo costo, beneficiando a familias del municipio.<\/p>\n<p>Durante esta actividad, se ofreci\u00f3 atenci\u00f3n m\u00e9dica accesible, permitiendo a la poblaci\u00f3n recibir diagn\u00f3sticos oportunos y seguimiento en distintos padecimientos, contribuyendo as\u00ed al cuidado integral de la salud.<\/p>\n<p>Autoridades destacaron que este tipo de iniciativas son resultado del trabajo conjunto entre instituciones, lo que permite ampliar la cobertura de servicios m\u00e9dicos y acercarlos a quienes m\u00e1s lo necesitan.<\/p>\n<p>Asimismo, autoridades representantes de este organismo asistencial, refrendaron el compromiso de continuar promoviendo acciones que favorezcan el bienestar de la ciudadan\u00eda, facilitando el acceso a servicios de calidad a precios accesibles.<\/p>\n<p>Finalmente, se reconoci\u00f3 la participaci\u00f3n de la poblaci\u00f3n y el respaldo de las organizaciones involucradas, reafirmando que la suma de esfuerzos genera mayores beneficios para las familias de Guti\u00e9rrez Zamora.<div id='gallery-1' class='gallery galleryid-17478 gallery-columns-3 gallery-size-large'><figure class='gallery-item'>\n\t\t\t<div class='gallery-icon landscape'>\n\t\t\t\t<a href='https:\/\/www.diarioholaveracruz.com.mx\/sitio\/img-20260409-wa0003\/'><img loading=\"lazy\" loading=\"lazy\" decoding=\"async\" width=\"1024\" height=\"470\" src=\"https:\/\/www.diarioholaveracruz.com.mx\/sitio\/wp-content\/uploads\/2026\/04\/IMG-20260409-WA0003-1024x470.jpg\" class=\"attachment-large size-large\" alt=\"\" \/><\/a>\n\t\t\t<\/div><\/figure><figure class='gallery-item'>\n\t\t\t<div class='gallery-icon landscape'>\n\t\t\t\t<a href='https:\/\/www.diarioholaveracruz.com.mx\/sitio\/img-20260409-wa0004\/'><img loading=\"lazy\" loading=\"lazy\" decoding=\"async\" width=\"1024\" height=\"474\" src=\"https:\/\/www.diarioholaveracruz.com.mx\/sitio\/wp-content\/uploads\/2026\/04\/IMG-20260409-WA0004-1024x474.jpg\" class=\"attachment-large size-large\" alt=\"\" \/><\/a>\n\t\t\t<\/div><\/figure>\n\t\t<\/div>\n<\/p>\n","protected":false},"excerpt":{"rendered":"<p>Servicios se ofrecen a bajo costo GUTI\u00c9RREZ ZAMORA, VER.\u2013 Como parte de las acciones para fortalecer el acceso a servicios de salud, el DIF Municipal, en coordinaci\u00f3n con la Fundaci\u00f3n Silvestre Pastrana A.C., llev\u00f3 a cabo una jornada de consultas m\u00e9dicas de especialidad a bajo costo, beneficiando a familias del municipio. Durante esta actividad, se [&hellip;]<\/p>\n","protected":false},"author":2,"featured_media":17500,"comment_status":"open","ping_status":"open","sticky":false,"template":"","format":"standard","meta":{"pagelayer_contact_templates":[],"_pagelayer_content":"","footnotes":""},"categories":[50,44],"tags":[],"class_list":{"0":"post-17478","1":"post","2":"type-post","3":"status-publish","4":"format-standard","5":"has-post-thumbnail","7":"category-destacadas","8":"category-estatal"},"_links":{"self":[{"href":"https:\/\/www.diarioholaveracruz.com.mx\/sitio\/wp-json\/wp\/v2\/posts\/17478","targetHints":{"allow":["GET"]}}],"collection":[{"href":"https:\/\/www.diarioholaveracruz.com.mx\/sitio\/wp-json\/wp\/v2\/posts"}],"about":[{"href":"https:\/\/www.diarioholaveracruz.com.mx\/sitio\/wp-json\/wp\/v2\/types\/post"}],"author":[{"embeddable":true,"href":"https:\/\/www.diarioholaveracruz.com.mx\/sitio\/wp-json\/wp\/v2\/users\/2"}],"replies":[{"embeddable":true,"href":"https:\/\/www.diarioholaveracruz.com.mx\/sitio\/wp-json\/wp\/v2\/comments?post=17478"}],"version-history":[{"count":1,"href":"https:\/\/www.diarioholaveracruz.com.mx\/sitio\/wp-json\/wp\/v2\/posts\/17478\/revisions"}],"predecessor-version":[{"id":17510,"href":"https:\/\/www.diarioholaveracruz.com.mx\/sitio\/wp-json\/wp\/v2\/posts\/17478\/revisions\/17510"}],"wp:featuredmedia":[{"embeddable":true,"href":"https:\/\/www.diarioholaveracruz.com.mx\/sitio\/wp-json\/wp\/v2\/media\/17500"}],"wp:attachment":[{"href":"https:\/\/www.diarioholaveracruz.com.mx\/sitio\/wp-json\/wp\/v2\/media?parent=17478"}],"wp:term":[{"taxonomy":"category","embeddable":true,"href":"https:\/\/www.diarioholaveracruz.com.mx\/sitio\/wp-json\/wp\/v2\/categories?post=17478"},{"taxonomy":"post_tag","embeddable":true,"href":"https:\/\/www.diarioholaveracruz.com.mx\/sitio\/wp-json\/wp\/v2\/tags?post=17478"}],"curies":[{"name":"wp","href":"https:\/\/api.w.org\/{rel}","templated":true}]}}