{"id":17945,"date":"2026-04-14T09:24:30","date_gmt":"2026-04-14T15:24:30","guid":{"rendered":"https:\/\/www.diarioholaveracruz.com.mx\/sitio\/?p=17945"},"modified":"2026-04-14T09:24:30","modified_gmt":"2026-04-14T15:24:30","slug":"instalan-el-consejo-estatal-de-economia-para-impulsar-el-desarrollo-de-veracruz-y-tuxpan","status":"publish","type":"post","link":"https:\/\/www.diarioholaveracruz.com.mx\/sitio\/instalan-el-consejo-estatal-de-economia-para-impulsar-el-desarrollo-de-veracruz-y-tuxpan\/","title":{"rendered":"Instalan el Consejo Estatal de Econom\u00eda para impulsar el desarrollo de Veracruz y Tuxpan"},"content":{"rendered":"<p>Con el objetivo de consolidar una ruta clara hacia el crecimiento econ\u00f3mico y el bienestar social, se llev\u00f3 a cabo en la capital del estado la Instalaci\u00f3n y Primera Sesi\u00f3n Ordinaria del Consejo Estatal de Econom\u00eda, donde particip\u00f3 el Presidente Municipal Daniel Cortina Mart\u00ednez.<\/p>\n<p>Este organismo nace con la premisa fundamental de coordinar esfuerzos institucionales para avanzar en una agenda de desarrollo que potencie las capacidades productivas de todas las regiones de la entidad.<\/p>\n<p>Bajo el liderazgo de la gobernadora Roc\u00edo Nahle, el consejo busca imprimir un sello de cercan\u00eda y direcci\u00f3n estrat\u00e9gica a las pol\u00edticas p\u00fablicas financieras y comerciales. <\/p>\n<p>Durante el encuentro, se enfatiz\u00f3 que el sentido primordial de esta colaboraci\u00f3n es generar beneficios tangibles que se traduzcan en una mejor calidad de vida para la poblaci\u00f3n veracruzana.<\/p>\n<p>La integraci\u00f3n de este consejo representa un paso decisivo para municipios clave como Tuxpan, que se proyecta como un eje fundamental en la construcci\u00f3n del progreso estatal. <\/p>\n<p>A trav\u00e9s del trabajo conjunto entre los distintos niveles de gobierno y el sector productivo, Veracruz reafirma su compromiso de avanzar hacia una econom\u00eda s\u00f3lida, equitativa y con una visi\u00f3n de futuro que priorice el desarrollo humano.<div id='gallery-1' class='gallery galleryid-17945 gallery-columns-3 gallery-size-full'><figure class='gallery-item'>\n\t\t\t<div class='gallery-icon landscape'>\n\t\t\t\t<a href='https:\/\/www.diarioholaveracruz.com.mx\/sitio\/instalan-el-consejo-estatal-de-economia-para-impulsar-el-desarrollo-de-veracruz-y-tuxpan\/whatsapp-image-2026-04-14-at-08-48-37-1\/'><img loading=\"lazy\" loading=\"lazy\" decoding=\"async\" width=\"1440\" height=\"960\" src=\"https:\/\/www.diarioholaveracruz.com.mx\/sitio\/wp-content\/uploads\/2026\/04\/WhatsApp-Image-2026-04-14-at-08.48.37-1.jpeg\" class=\"attachment-full size-full\" alt=\"\" \/><\/a>\n\t\t\t<\/div><\/figure><figure class='gallery-item'>\n\t\t\t<div class='gallery-icon landscape'>\n\t\t\t\t<a href='https:\/\/www.diarioholaveracruz.com.mx\/sitio\/instalan-el-consejo-estatal-de-economia-para-impulsar-el-desarrollo-de-veracruz-y-tuxpan\/whatsapp-image-2026-04-14-at-08-48-37-2\/'><img loading=\"lazy\" loading=\"lazy\" decoding=\"async\" width=\"1600\" height=\"1052\" src=\"https:\/\/www.diarioholaveracruz.com.mx\/sitio\/wp-content\/uploads\/2026\/04\/WhatsApp-Image-2026-04-14-at-08.48.37-2.jpeg\" class=\"attachment-full size-full\" alt=\"\" \/><\/a>\n\t\t\t<\/div><\/figure><figure class='gallery-item'>\n\t\t\t<div class='gallery-icon landscape'>\n\t\t\t\t<a href='https:\/\/www.diarioholaveracruz.com.mx\/sitio\/instalan-el-consejo-estatal-de-economia-para-impulsar-el-desarrollo-de-veracruz-y-tuxpan\/whatsapp-image-2026-04-14-at-08-48-37-3\/'><img loading=\"lazy\" loading=\"lazy\" decoding=\"async\" width=\"1600\" height=\"1068\" src=\"https:\/\/www.diarioholaveracruz.com.mx\/sitio\/wp-content\/uploads\/2026\/04\/WhatsApp-Image-2026-04-14-at-08.48.37-3.jpeg\" class=\"attachment-full size-full\" alt=\"\" \/><\/a>\n\t\t\t<\/div><\/figure><figure class='gallery-item'>\n\t\t\t<div class='gallery-icon landscape'>\n\t\t\t\t<a href='https:\/\/www.diarioholaveracruz.com.mx\/sitio\/instalan-el-consejo-estatal-de-economia-para-impulsar-el-desarrollo-de-veracruz-y-tuxpan\/whatsapp-image-2026-04-14-at-08-48-37\/'><img loading=\"lazy\" loading=\"lazy\" decoding=\"async\" width=\"1600\" height=\"1030\" src=\"https:\/\/www.diarioholaveracruz.com.mx\/sitio\/wp-content\/uploads\/2026\/04\/WhatsApp-Image-2026-04-14-at-08.48.37.jpeg\" class=\"attachment-full size-full\" alt=\"\" \/><\/a>\n\t\t\t<\/div><\/figure><figure class='gallery-item'>\n\t\t\t<div class='gallery-icon landscape'>\n\t\t\t\t<a href='https:\/\/www.diarioholaveracruz.com.mx\/sitio\/instalan-el-consejo-estatal-de-economia-para-impulsar-el-desarrollo-de-veracruz-y-tuxpan\/whatsapp-image-2026-04-14-at-08-48-38-1\/'><img loading=\"lazy\" loading=\"lazy\" decoding=\"async\" width=\"1600\" height=\"942\" src=\"https:\/\/www.diarioholaveracruz.com.mx\/sitio\/wp-content\/uploads\/2026\/04\/WhatsApp-Image-2026-04-14-at-08.48.38-1.jpeg\" class=\"attachment-full size-full\" alt=\"\" \/><\/a>\n\t\t\t<\/div><\/figure><figure class='gallery-item'>\n\t\t\t<div class='gallery-icon landscape'>\n\t\t\t\t<a href='https:\/\/www.diarioholaveracruz.com.mx\/sitio\/instalan-el-consejo-estatal-de-economia-para-impulsar-el-desarrollo-de-veracruz-y-tuxpan\/whatsapp-image-2026-04-14-at-08-48-38\/'><img loading=\"lazy\" loading=\"lazy\" decoding=\"async\" width=\"1600\" height=\"1330\" src=\"https:\/\/www.diarioholaveracruz.com.mx\/sitio\/wp-content\/uploads\/2026\/04\/WhatsApp-Image-2026-04-14-at-08.48.38.jpeg\" class=\"attachment-full size-full\" alt=\"\" \/><\/a>\n\t\t\t<\/div><\/figure>\n\t\t<\/div>\n<\/p>\n","protected":false},"excerpt":{"rendered":"<p>Con el objetivo de consolidar una ruta clara hacia el crecimiento econ\u00f3mico y el bienestar social, se llev\u00f3 a cabo en la capital del estado la Instalaci\u00f3n y Primera Sesi\u00f3n Ordinaria del Consejo Estatal de Econom\u00eda, donde particip\u00f3 el Presidente Municipal Daniel Cortina Mart\u00ednez. Este organismo nace con la premisa fundamental de coordinar esfuerzos institucionales [&hellip;]<\/p>\n","protected":false},"author":2,"featured_media":17968,"comment_status":"open","ping_status":"open","sticky":false,"template":"","format":"standard","meta":{"pagelayer_contact_templates":[],"_pagelayer_content":"","footnotes":""},"categories":[43,46],"tags":[],"class_list":{"0":"post-17945","1":"post","2":"type-post","3":"status-publish","4":"format-standard","5":"has-post-thumbnail","7":"category-notas_locales","8":"category-tuxpan"},"_links":{"self":[{"href":"https:\/\/www.diarioholaveracruz.com.mx\/sitio\/wp-json\/wp\/v2\/posts\/17945","targetHints":{"allow":["GET"]}}],"collection":[{"href":"https:\/\/www.diarioholaveracruz.com.mx\/sitio\/wp-json\/wp\/v2\/posts"}],"about":[{"href":"https:\/\/www.diarioholaveracruz.com.mx\/sitio\/wp-json\/wp\/v2\/types\/post"}],"author":[{"embeddable":true,"href":"https:\/\/www.diarioholaveracruz.com.mx\/sitio\/wp-json\/wp\/v2\/users\/2"}],"replies":[{"embeddable":true,"href":"https:\/\/www.diarioholaveracruz.com.mx\/sitio\/wp-json\/wp\/v2\/comments?post=17945"}],"version-history":[{"count":1,"href":"https:\/\/www.diarioholaveracruz.com.mx\/sitio\/wp-json\/wp\/v2\/posts\/17945\/revisions"}],"predecessor-version":[{"id":17982,"href":"https:\/\/www.diarioholaveracruz.com.mx\/sitio\/wp-json\/wp\/v2\/posts\/17945\/revisions\/17982"}],"wp:featuredmedia":[{"embeddable":true,"href":"https:\/\/www.diarioholaveracruz.com.mx\/sitio\/wp-json\/wp\/v2\/media\/17968"}],"wp:attachment":[{"href":"https:\/\/www.diarioholaveracruz.com.mx\/sitio\/wp-json\/wp\/v2\/media?parent=17945"}],"wp:term":[{"taxonomy":"category","embeddable":true,"href":"https:\/\/www.diarioholaveracruz.com.mx\/sitio\/wp-json\/wp\/v2\/categories?post=17945"},{"taxonomy":"post_tag","embeddable":true,"href":"https:\/\/www.diarioholaveracruz.com.mx\/sitio\/wp-json\/wp\/v2\/tags?post=17945"}],"curies":[{"name":"wp","href":"https:\/\/api.w.org\/{rel}","templated":true}]}}