{"id":18064,"date":"2026-04-14T19:07:54","date_gmt":"2026-04-15T01:07:54","guid":{"rendered":"https:\/\/www.diarioholaveracruz.com.mx\/sitio\/?p=18064"},"modified":"2026-04-14T19:07:54","modified_gmt":"2026-04-15T01:07:54","slug":"anuncian-carrera-neon-color-2026-en-tihuatlan-invitan-a-participar-en-evento-recreativo-y-familiar","status":"publish","type":"post","link":"https:\/\/www.diarioholaveracruz.com.mx\/sitio\/anuncian-carrera-neon-color-2026-en-tihuatlan-invitan-a-participar-en-evento-recreativo-y-familiar\/","title":{"rendered":"Anuncian Carrera Ne\u00f3n Color 2026 en Tihuatl\u00e1n; invitan a participar en evento recreativo y familiar"},"content":{"rendered":"<p>Tihuatl\u00e1n, Ver. \u2014 Con el prop\u00f3sito de fomentar la convivencia, la activaci\u00f3n f\u00edsica y el sentido de comunidad, el Gobierno Municipal de Tihuatl\u00e1n, encabezado por el presidente municipal Ra\u00fal Hern\u00e1ndez Gallardo, anunci\u00f3 la realizaci\u00f3n de la \u201cCarrera Ne\u00f3n Color 2026\u201d, un evento lleno de energ\u00eda, color y diversi\u00f3n para todas las edades.<\/p>\n<p>La actividad se llevar\u00e1 a cabo el pr\u00f3ximo 17 de abril a las 4:30 de la tarde, teniendo como punto de salida y meta el P\u00f3rtico de la Identidad. Las autoridades informaron que la participaci\u00f3n es gratuita, por lo que las y los interesados podr\u00e1n registrarse en la Direcci\u00f3n de Turismo.<\/p>\n<p>La Carrera Ne\u00f3n Color est\u00e1 dise\u00f1ada para que personas de todas las edades puedan integrarse, ya sea corriendo, trotando o caminando, en un ambiente de sana convivencia donde el color y la alegr\u00eda ser\u00e1n protagonistas. Adem\u00e1s, se invita a las y los participantes a asistir con playera blanca para vivir al m\u00e1ximo esta experiencia.<\/p>\n<p>Como parte del evento, se contar\u00e1 con premiaci\u00f3n al mejor outfit \u201cfosfo fosfo\u201d y un festejo final con espect\u00e1culo, fortaleciendo as\u00ed el car\u00e1cter recreativo y familiar de la jornada.<\/p>\n<p>Con este tipo de iniciativas, el Ayuntamiento de Tihuatl\u00e1n refrenda su compromiso de impulsar actividades que promuevan la integraci\u00f3n social, el bienestar y la participaci\u00f3n ciudadana, fortaleciendo el tejido social del municipio.<\/p>\n","protected":false},"excerpt":{"rendered":"<p>Tihuatl\u00e1n, Ver. \u2014 Con el prop\u00f3sito de fomentar la convivencia, la activaci\u00f3n f\u00edsica y el sentido de comunidad, el Gobierno Municipal de Tihuatl\u00e1n, encabezado por el presidente municipal Ra\u00fal Hern\u00e1ndez Gallardo, anunci\u00f3 la realizaci\u00f3n de la \u201cCarrera Ne\u00f3n Color 2026\u201d, un evento lleno de energ\u00eda, color y diversi\u00f3n para todas las edades. La actividad se [&hellip;]<\/p>\n","protected":false},"author":2,"featured_media":18121,"comment_status":"open","ping_status":"open","sticky":false,"template":"","format":"standard","meta":{"pagelayer_contact_templates":[],"_pagelayer_content":"","footnotes":""},"categories":[43,47],"tags":[],"class_list":{"0":"post-18064","1":"post","2":"type-post","3":"status-publish","4":"format-standard","5":"has-post-thumbnail","7":"category-notas_locales","8":"category-tihuatlan"},"_links":{"self":[{"href":"https:\/\/www.diarioholaveracruz.com.mx\/sitio\/wp-json\/wp\/v2\/posts\/18064","targetHints":{"allow":["GET"]}}],"collection":[{"href":"https:\/\/www.diarioholaveracruz.com.mx\/sitio\/wp-json\/wp\/v2\/posts"}],"about":[{"href":"https:\/\/www.diarioholaveracruz.com.mx\/sitio\/wp-json\/wp\/v2\/types\/post"}],"author":[{"embeddable":true,"href":"https:\/\/www.diarioholaveracruz.com.mx\/sitio\/wp-json\/wp\/v2\/users\/2"}],"replies":[{"embeddable":true,"href":"https:\/\/www.diarioholaveracruz.com.mx\/sitio\/wp-json\/wp\/v2\/comments?post=18064"}],"version-history":[{"count":1,"href":"https:\/\/www.diarioholaveracruz.com.mx\/sitio\/wp-json\/wp\/v2\/posts\/18064\/revisions"}],"predecessor-version":[{"id":18146,"href":"https:\/\/www.diarioholaveracruz.com.mx\/sitio\/wp-json\/wp\/v2\/posts\/18064\/revisions\/18146"}],"wp:featuredmedia":[{"embeddable":true,"href":"https:\/\/www.diarioholaveracruz.com.mx\/sitio\/wp-json\/wp\/v2\/media\/18121"}],"wp:attachment":[{"href":"https:\/\/www.diarioholaveracruz.com.mx\/sitio\/wp-json\/wp\/v2\/media?parent=18064"}],"wp:term":[{"taxonomy":"category","embeddable":true,"href":"https:\/\/www.diarioholaveracruz.com.mx\/sitio\/wp-json\/wp\/v2\/categories?post=18064"},{"taxonomy":"post_tag","embeddable":true,"href":"https:\/\/www.diarioholaveracruz.com.mx\/sitio\/wp-json\/wp\/v2\/tags?post=18064"}],"curies":[{"name":"wp","href":"https:\/\/api.w.org\/{rel}","templated":true}]}}