{"id":18431,"date":"2026-04-16T17:09:57","date_gmt":"2026-04-16T23:09:57","guid":{"rendered":"https:\/\/www.diarioholaveracruz.com.mx\/sitio\/?p=18431"},"modified":"2026-04-16T17:09:57","modified_gmt":"2026-04-16T23:09:57","slug":"con-atencion-directa-fortalecen-cercania-ciudadana","status":"publish","type":"post","link":"https:\/\/www.diarioholaveracruz.com.mx\/sitio\/con-atencion-directa-fortalecen-cercania-ciudadana\/","title":{"rendered":"Con atenci\u00f3n directa, fortalecen cercan\u00eda ciudadana"},"content":{"rendered":"<p>Alcaldesa impulsa el programa \u201cMi\u00e9rcoles de Puertas Abiertas\u201d<\/p>\n<p>POZA RICA, VER.- En un esfuerzo por consolidar un gobierno cercano y eficiente, la presidenta municipal Adanely Rodr\u00edguez contin\u00faa impulsando el programa \u201cMi\u00e9rcoles de Puertas Abiertas\u201d, una estrategia enfocada en brindar atenci\u00f3n directa y oportuna a la ciudadan\u00eda.<\/p>\n<p>Durante estas jornadas, la alcaldesa atiende personalmente a las y los pozarricenses, acompa\u00f1ada por integrantes del Cabildo y responsables de distintas \u00e1reas del Ayuntamiento, quienes trabajan de manera coordinada para escuchar, analizar y dar seguimiento inmediato a cada una de las solicitudes presentadas.<\/p>\n<p>Este mecanismo de participaci\u00f3n ciudadana permite no solo acercar los servicios gubernamentales, sino tambi\u00e9n identificar de manera puntual las principales necesidades de la poblaci\u00f3n, facilitando la implementaci\u00f3n de soluciones concretas en temas prioritarios como servicios p\u00fablicos, infraestructura y atenci\u00f3n social.<\/p>\n<p>Autoridades municipales destacaron que este programa se ha convertido en un canal efectivo de comunicaci\u00f3n entre la ciudadan\u00eda y el gobierno, fortaleciendo la confianza y promoviendo una administraci\u00f3n transparente y sensible.<\/p>\n<p>Asimismo, subrayaron que el seguimiento a cada caso es fundamental para garantizar resultados, por lo que se mantiene una coordinaci\u00f3n permanente entre las distintas dependencias municipales.<\/p>\n<p>Finalmente, el Gobierno de Poza Rica reiter\u00f3 su compromiso de continuar trabajando bajo un esquema de cercan\u00eda, responsabilidad y resultados, consolidando un modelo de atenci\u00f3n que pone en el centro a las personas y sus necesidades.<div id='gallery-1' class='gallery galleryid-18431 gallery-columns-3 gallery-size-thumbnail'><figure class='gallery-item'>\n\t\t\t<div class='gallery-icon landscape'>\n\t\t\t\t<a href='https:\/\/www.diarioholaveracruz.com.mx\/sitio\/img-20260415-wa0057-2\/'><img loading=\"lazy\" loading=\"lazy\" decoding=\"async\" width=\"150\" height=\"150\" src=\"https:\/\/www.diarioholaveracruz.com.mx\/sitio\/wp-content\/uploads\/2026\/04\/IMG-20260415-WA0057-1-150x150.jpg\" class=\"attachment-thumbnail size-thumbnail\" alt=\"\" \/><\/a>\n\t\t\t<\/div><\/figure><figure class='gallery-item'>\n\t\t\t<div class='gallery-icon landscape'>\n\t\t\t\t<a href='https:\/\/www.diarioholaveracruz.com.mx\/sitio\/img-20260416-wa0069\/'><img loading=\"lazy\" loading=\"lazy\" decoding=\"async\" width=\"150\" height=\"150\" src=\"https:\/\/www.diarioholaveracruz.com.mx\/sitio\/wp-content\/uploads\/2026\/04\/IMG-20260416-WA0069-150x150.jpg\" class=\"attachment-thumbnail size-thumbnail\" alt=\"\" \/><\/a>\n\t\t\t<\/div><\/figure><figure class='gallery-item'>\n\t\t\t<div class='gallery-icon landscape'>\n\t\t\t\t<a href='https:\/\/www.diarioholaveracruz.com.mx\/sitio\/img-20260416-wa0070\/'><img loading=\"lazy\" loading=\"lazy\" decoding=\"async\" width=\"150\" height=\"150\" src=\"https:\/\/www.diarioholaveracruz.com.mx\/sitio\/wp-content\/uploads\/2026\/04\/IMG-20260416-WA0070-150x150.jpg\" class=\"attachment-thumbnail size-thumbnail\" alt=\"\" \/><\/a>\n\t\t\t<\/div><\/figure>\n\t\t<\/div>\n<\/p>\n","protected":false},"excerpt":{"rendered":"<p>Alcaldesa impulsa el programa \u201cMi\u00e9rcoles de Puertas Abiertas\u201d POZA RICA, VER.- En un esfuerzo por consolidar un gobierno cercano y eficiente, la presidenta municipal Adanely Rodr\u00edguez contin\u00faa impulsando el programa \u201cMi\u00e9rcoles de Puertas Abiertas\u201d, una estrategia enfocada en brindar atenci\u00f3n directa y oportuna a la ciudadan\u00eda. Durante estas jornadas, la alcaldesa atiende personalmente a las [&hellip;]<\/p>\n","protected":false},"author":2,"featured_media":18425,"comment_status":"open","ping_status":"open","sticky":false,"template":"","format":"standard","meta":{"pagelayer_contact_templates":[],"_pagelayer_content":"","footnotes":""},"categories":[43,45],"tags":[],"class_list":{"0":"post-18431","1":"post","2":"type-post","3":"status-publish","4":"format-standard","5":"has-post-thumbnail","7":"category-notas_locales","8":"category-poza_rica"},"_links":{"self":[{"href":"https:\/\/www.diarioholaveracruz.com.mx\/sitio\/wp-json\/wp\/v2\/posts\/18431","targetHints":{"allow":["GET"]}}],"collection":[{"href":"https:\/\/www.diarioholaveracruz.com.mx\/sitio\/wp-json\/wp\/v2\/posts"}],"about":[{"href":"https:\/\/www.diarioholaveracruz.com.mx\/sitio\/wp-json\/wp\/v2\/types\/post"}],"author":[{"embeddable":true,"href":"https:\/\/www.diarioholaveracruz.com.mx\/sitio\/wp-json\/wp\/v2\/users\/2"}],"replies":[{"embeddable":true,"href":"https:\/\/www.diarioholaveracruz.com.mx\/sitio\/wp-json\/wp\/v2\/comments?post=18431"}],"version-history":[{"count":1,"href":"https:\/\/www.diarioholaveracruz.com.mx\/sitio\/wp-json\/wp\/v2\/posts\/18431\/revisions"}],"predecessor-version":[{"id":18443,"href":"https:\/\/www.diarioholaveracruz.com.mx\/sitio\/wp-json\/wp\/v2\/posts\/18431\/revisions\/18443"}],"wp:featuredmedia":[{"embeddable":true,"href":"https:\/\/www.diarioholaveracruz.com.mx\/sitio\/wp-json\/wp\/v2\/media\/18425"}],"wp:attachment":[{"href":"https:\/\/www.diarioholaveracruz.com.mx\/sitio\/wp-json\/wp\/v2\/media?parent=18431"}],"wp:term":[{"taxonomy":"category","embeddable":true,"href":"https:\/\/www.diarioholaveracruz.com.mx\/sitio\/wp-json\/wp\/v2\/categories?post=18431"},{"taxonomy":"post_tag","embeddable":true,"href":"https:\/\/www.diarioholaveracruz.com.mx\/sitio\/wp-json\/wp\/v2\/tags?post=18431"}],"curies":[{"name":"wp","href":"https:\/\/api.w.org\/{rel}","templated":true}]}}