{"id":18499,"date":"2026-04-17T19:35:36","date_gmt":"2026-04-18T01:35:36","guid":{"rendered":"https:\/\/www.diarioholaveracruz.com.mx\/sitio\/?p=18499"},"modified":"2026-04-17T19:35:36","modified_gmt":"2026-04-18T01:35:36","slug":"edgar-herrera-exige-accion-inmediata-ante-los-derrames-de-hidrocarburos","status":"publish","type":"post","link":"https:\/\/www.diarioholaveracruz.com.mx\/sitio\/edgar-herrera-exige-accion-inmediata-ante-los-derrames-de-hidrocarburos\/","title":{"rendered":"Edgar Herrera exige acci\u00f3n inmediata ante los derrames de hidrocarburos"},"content":{"rendered":"<p>-El l\u00edder del PVEM se\u00f1ala la urgencia de implementar un plan de remediaci\u00f3n ambiental y compensaci\u00f3n econ\u00f3mica tras el derrame de hidrocarburos que afecta a miles de pescadores<\/p>\n<p>Xalapa, Ver., a 17 de abril de 2026. Ante la grave afectaci\u00f3n que enfrentan m\u00e1s de 20 mil pescadores en las costas de Veracruz, derivada del derrame de hidrocarburos ocurrido el pasado mes de marzo, el dirigente estatal del Partido Verde Ecologista de M\u00e9xico en Veracruz, Edgar Herrera Lendechy, expres\u00f3 su profunda preocupaci\u00f3n por las consecuencias econ\u00f3micas, sociales y ambientales que contin\u00faan impactando a miles de familias.<\/p>\n<p>Herrera Lendechy exigi\u00f3 a las autoridades federales y a los responsables de esta acci\u00f3n, actuar de manera inmediata mediante la implementaci\u00f3n de un plan integral de remediaci\u00f3n ambiental, as\u00ed como un programa urgente de indemnizaci\u00f3n econ\u00f3mica para los pescadores que han visto paralizada su actividad productiva.<\/p>\n<p>\u201cNo se puede permitir que esta crisis avance sin respuestas claras. Las comunidades pesqueras est\u00e1n enfrentando p\u00e9rdidas severas, con bajas capturas y nulas ventas, lo que pone en riesgo su sustento y estabilidad\u201d, se\u00f1al\u00f3.<\/p>\n<p>El dirigente del PVEM subray\u00f3 que este tipo de incidentes no solo afectan la econom\u00eda local, sino que generan da\u00f1os profundos en los ecosistemas marinos, cuya recuperaci\u00f3n requiere acciones t\u00e9cnicas, transparentes y sostenidas en el tiempo.<\/p>\n<p>En este sentido, reiter\u00f3 el compromiso del Partido Verde con la defensa del medio ambiente y el bienestar de las comunidades, asegurando que dar\u00e1 seguimiento puntual a este caso e impulsar\u00e1 las acciones necesarias para garantizar justicia ambiental y social.<\/p>\n<p>Asimismo, hizo un llamado a que se finquen responsabilidades y se refuercen los mecanismos de prevenci\u00f3n, con el objetivo de evitar que hechos como este vuelvan a repetirse en Veracruz.<\/p>\n<p>Finalmente, fue enf\u00e1tico al se\u00f1alar que: \u201cquien contamina, debe reparar el da\u00f1o, y las familias afectadas no pueden esperar\u201d.<\/p>\n<p>Veracruz vive verde<br \/>\n-017-<\/p>\n","protected":false},"excerpt":{"rendered":"<p>-El l\u00edder del PVEM se\u00f1ala la urgencia de implementar un plan de remediaci\u00f3n ambiental y compensaci\u00f3n econ\u00f3mica tras el derrame de hidrocarburos que afecta a miles de pescadores Xalapa, Ver., a 17 de abril de 2026. Ante la grave afectaci\u00f3n que enfrentan m\u00e1s de 20 mil pescadores en las costas de Veracruz, derivada del derrame [&hellip;]<\/p>\n","protected":false},"author":2,"featured_media":18502,"comment_status":"open","ping_status":"open","sticky":false,"template":"","format":"standard","meta":{"pagelayer_contact_templates":[],"_pagelayer_content":"","footnotes":""},"categories":[50,44],"tags":[],"class_list":{"0":"post-18499","1":"post","2":"type-post","3":"status-publish","4":"format-standard","5":"has-post-thumbnail","7":"category-destacadas","8":"category-estatal"},"_links":{"self":[{"href":"https:\/\/www.diarioholaveracruz.com.mx\/sitio\/wp-json\/wp\/v2\/posts\/18499","targetHints":{"allow":["GET"]}}],"collection":[{"href":"https:\/\/www.diarioholaveracruz.com.mx\/sitio\/wp-json\/wp\/v2\/posts"}],"about":[{"href":"https:\/\/www.diarioholaveracruz.com.mx\/sitio\/wp-json\/wp\/v2\/types\/post"}],"author":[{"embeddable":true,"href":"https:\/\/www.diarioholaveracruz.com.mx\/sitio\/wp-json\/wp\/v2\/users\/2"}],"replies":[{"embeddable":true,"href":"https:\/\/www.diarioholaveracruz.com.mx\/sitio\/wp-json\/wp\/v2\/comments?post=18499"}],"version-history":[{"count":1,"href":"https:\/\/www.diarioholaveracruz.com.mx\/sitio\/wp-json\/wp\/v2\/posts\/18499\/revisions"}],"predecessor-version":[{"id":18503,"href":"https:\/\/www.diarioholaveracruz.com.mx\/sitio\/wp-json\/wp\/v2\/posts\/18499\/revisions\/18503"}],"wp:featuredmedia":[{"embeddable":true,"href":"https:\/\/www.diarioholaveracruz.com.mx\/sitio\/wp-json\/wp\/v2\/media\/18502"}],"wp:attachment":[{"href":"https:\/\/www.diarioholaveracruz.com.mx\/sitio\/wp-json\/wp\/v2\/media?parent=18499"}],"wp:term":[{"taxonomy":"category","embeddable":true,"href":"https:\/\/www.diarioholaveracruz.com.mx\/sitio\/wp-json\/wp\/v2\/categories?post=18499"},{"taxonomy":"post_tag","embeddable":true,"href":"https:\/\/www.diarioholaveracruz.com.mx\/sitio\/wp-json\/wp\/v2\/tags?post=18499"}],"curies":[{"name":"wp","href":"https:\/\/api.w.org\/{rel}","templated":true}]}}