{"id":18619,"date":"2026-04-19T10:58:55","date_gmt":"2026-04-19T16:58:55","guid":{"rendered":"https:\/\/www.diarioholaveracruz.com.mx\/sitio\/?p=18619"},"modified":"2026-04-19T10:58:55","modified_gmt":"2026-04-19T16:58:55","slug":"impulsan-registro-de-productores","status":"publish","type":"post","link":"https:\/\/www.diarioholaveracruz.com.mx\/sitio\/impulsan-registro-de-productores\/","title":{"rendered":"Impulsan registro de productores"},"content":{"rendered":"<p>Buscan fortalecer el campo en Mecatl\u00e1n<\/p>\n<p>MECATL\u00c1N, VER.\u2013 Teniendo como objetivo el fortalecer el sector agropecuario, el director de Fomento Agropecuario, Efra\u00edn Pascual G\u00f3mez, encabez\u00f3 una reuni\u00f3n informativa dirigida a personas interesadas en integrarse al padr\u00f3n de productores del municipio.<\/p>\n<p>La actividad se realiz\u00f3 en coordinaci\u00f3n con la Secretar\u00eda de Desarrollo Agropecuario Rural y Pesca, marcando el inicio del proceso de inscripci\u00f3n para quienes buscan acceder a programas y apoyos destinados al campo.<\/p>\n<p>Durante este primer encuentro, los asistentes conocieron los requisitos y procedimientos necesarios para formar parte de este registro, el cual tiene como finalidad facilitar el acceso a beneficios que impulsen la producci\u00f3n agr\u00edcola y ganadera en la regi\u00f3n.<\/p>\n<p>Autoridades municipales aclararon que las personas que actualmente reciben alg\u00fan apoyo gubernamental no podr\u00e1n participar en este proceso, debido a los mecanismos de validaci\u00f3n que buscan evitar la duplicidad de beneficios.<\/p>\n<p>Asimismo, se inform\u00f3 que en una pr\u00f3xima reuni\u00f3n se brindar\u00e1 informaci\u00f3n m\u00e1s detallada sobre el funcionamiento del programa, as\u00ed como los apoyos disponibles para quienes logren integrarse, por lo que reiteraron su compromiso de continuar generando oportunidades para el desarrollo del campo, fortaleciendo la productividad y el bienestar de las familias rurales de Mecatl\u00e1n.<div id='gallery-1' class='gallery galleryid-18619 gallery-columns-3 gallery-size-large'><figure class='gallery-item'>\n\t\t\t<div class='gallery-icon landscape'>\n\t\t\t\t<a href='https:\/\/www.diarioholaveracruz.com.mx\/sitio\/img-20260419-wa0009\/'><img loading=\"lazy\" loading=\"lazy\" decoding=\"async\" width=\"1024\" height=\"667\" src=\"https:\/\/www.diarioholaveracruz.com.mx\/sitio\/wp-content\/uploads\/2026\/04\/IMG-20260419-WA0009-1024x667.jpg\" class=\"attachment-large size-large\" alt=\"\" \/><\/a>\n\t\t\t<\/div><\/figure><figure class='gallery-item'>\n\t\t\t<div class='gallery-icon landscape'>\n\t\t\t\t<a href='https:\/\/www.diarioholaveracruz.com.mx\/sitio\/img-20260419-wa0008\/'><img loading=\"lazy\" loading=\"lazy\" decoding=\"async\" width=\"1024\" height=\"671\" src=\"https:\/\/www.diarioholaveracruz.com.mx\/sitio\/wp-content\/uploads\/2026\/04\/IMG-20260419-WA0008-1024x671.jpg\" class=\"attachment-large size-large\" alt=\"\" \/><\/a>\n\t\t\t<\/div><\/figure>\n\t\t<\/div>\n<\/p>\n","protected":false},"excerpt":{"rendered":"<p>Buscan fortalecer el campo en Mecatl\u00e1n MECATL\u00c1N, VER.\u2013 Teniendo como objetivo el fortalecer el sector agropecuario, el director de Fomento Agropecuario, Efra\u00edn Pascual G\u00f3mez, encabez\u00f3 una reuni\u00f3n informativa dirigida a personas interesadas en integrarse al padr\u00f3n de productores del municipio. La actividad se realiz\u00f3 en coordinaci\u00f3n con la Secretar\u00eda de Desarrollo Agropecuario Rural y Pesca, [&hellip;]<\/p>\n","protected":false},"author":2,"featured_media":18649,"comment_status":"open","ping_status":"open","sticky":false,"template":"","format":"standard","meta":{"pagelayer_contact_templates":[],"_pagelayer_content":"","footnotes":""},"categories":[50,44],"tags":[],"class_list":{"0":"post-18619","1":"post","2":"type-post","3":"status-publish","4":"format-standard","5":"has-post-thumbnail","7":"category-destacadas","8":"category-estatal"},"_links":{"self":[{"href":"https:\/\/www.diarioholaveracruz.com.mx\/sitio\/wp-json\/wp\/v2\/posts\/18619","targetHints":{"allow":["GET"]}}],"collection":[{"href":"https:\/\/www.diarioholaveracruz.com.mx\/sitio\/wp-json\/wp\/v2\/posts"}],"about":[{"href":"https:\/\/www.diarioholaveracruz.com.mx\/sitio\/wp-json\/wp\/v2\/types\/post"}],"author":[{"embeddable":true,"href":"https:\/\/www.diarioholaveracruz.com.mx\/sitio\/wp-json\/wp\/v2\/users\/2"}],"replies":[{"embeddable":true,"href":"https:\/\/www.diarioholaveracruz.com.mx\/sitio\/wp-json\/wp\/v2\/comments?post=18619"}],"version-history":[{"count":1,"href":"https:\/\/www.diarioholaveracruz.com.mx\/sitio\/wp-json\/wp\/v2\/posts\/18619\/revisions"}],"predecessor-version":[{"id":18664,"href":"https:\/\/www.diarioholaveracruz.com.mx\/sitio\/wp-json\/wp\/v2\/posts\/18619\/revisions\/18664"}],"wp:featuredmedia":[{"embeddable":true,"href":"https:\/\/www.diarioholaveracruz.com.mx\/sitio\/wp-json\/wp\/v2\/media\/18649"}],"wp:attachment":[{"href":"https:\/\/www.diarioholaveracruz.com.mx\/sitio\/wp-json\/wp\/v2\/media?parent=18619"}],"wp:term":[{"taxonomy":"category","embeddable":true,"href":"https:\/\/www.diarioholaveracruz.com.mx\/sitio\/wp-json\/wp\/v2\/categories?post=18619"},{"taxonomy":"post_tag","embeddable":true,"href":"https:\/\/www.diarioholaveracruz.com.mx\/sitio\/wp-json\/wp\/v2\/tags?post=18619"}],"curies":[{"name":"wp","href":"https:\/\/api.w.org\/{rel}","templated":true}]}}