{"id":18682,"date":"2026-04-19T14:21:51","date_gmt":"2026-04-19T20:21:51","guid":{"rendered":"https:\/\/www.diarioholaveracruz.com.mx\/sitio\/?p=18682"},"modified":"2026-04-19T14:21:51","modified_gmt":"2026-04-19T20:21:51","slug":"presentan-cartelera-de-la-feria-de-la-naranja-2026-en-alamo","status":"publish","type":"post","link":"https:\/\/www.diarioholaveracruz.com.mx\/sitio\/presentan-cartelera-de-la-feria-de-la-naranja-2026-en-alamo\/","title":{"rendered":"PRESENTAN CARTELERA DE LA FERIA DE LA NARANJA 2026 EN \u00c1LAMO"},"content":{"rendered":"<p>Gobierno municipal anuncia elenco art\u00edstico de talla nacional e internacional para la m\u00e1xima fiesta del municipio.<\/p>\n<p>El evento busca fortalecer la convivencia social y generar impulso econ\u00f3mico en la regi\u00f3n.<\/p>\n<p>\u00c1LAMO, VER.- El gobierno municipal de \u00c1lamo Temapache present\u00f3 la cartelera oficial de la Feria de la Naranja 2026, destacando la participaci\u00f3n de artistas reconocidos a nivel nacional e internacional, en una celebraci\u00f3n que ser\u00e1 de acceso gratuito y dirigida a todas las familias.<\/p>\n<p>El anuncio se realiz\u00f3 en el marco del Festival Los Azahares del Huapango, donde se dio a conocer el programa art\u00edstico que integrar\u00e1 diversos g\u00e9neros musicales, consolidando a esta festividad como una de las m\u00e1s importantes de la regi\u00f3n.<\/p>\n<p>La cartelera contempla la presentaci\u00f3n de figuras como Espinosa Paz, El Bogueto y Cuadro Mexa, Hugo Ruiz, Nelson Kanzela y El Pulpo, Grupo Ca\u00f1averal, Grupo Palomo, Grupo Bryndis, Alicia Villarreal y Los Tigres del Norte, adem\u00e1s de actividades complementarias como el circuito de rodeo Saltos Gloria.<\/p>\n<p>Asimismo, se inform\u00f3 que el Pabell\u00f3n DIF contar\u00e1 con juegos infantiles gratuitos, con el prop\u00f3sito de favorecer la econom\u00eda de las familias y garantizar espacios de sana convivencia para ni\u00f1as y ni\u00f1os.<\/p>\n<p>La Feria de la Naranja 2026 representa una plataforma para la promoci\u00f3n cultural, tur\u00edstica y econ\u00f3mica del municipio, al propiciar la llegada de visitantes y la participaci\u00f3n de distintos sectores productivos locales.<\/p>\n<p>Con esta programaci\u00f3n, se fortalece la proyecci\u00f3n de \u00c1lamo Temapache como un referente regional en materia de eventos culturales y de entretenimiento, consolidando una tradici\u00f3n que forma parte de la identidad del municipio.<div id='gallery-1' class='gallery galleryid-18682 gallery-columns-3 gallery-size-large'><figure class='gallery-item'>\n\t\t\t<div class='gallery-icon landscape'>\n\t\t\t\t<a href='https:\/\/www.diarioholaveracruz.com.mx\/sitio\/img-20260419-wa0048\/'><img loading=\"lazy\" loading=\"lazy\" decoding=\"async\" width=\"1024\" height=\"768\" src=\"https:\/\/www.diarioholaveracruz.com.mx\/sitio\/wp-content\/uploads\/2026\/04\/IMG-20260419-WA0048-1024x768.jpg\" class=\"attachment-large size-large\" alt=\"\" \/><\/a>\n\t\t\t<\/div><\/figure><figure class='gallery-item'>\n\t\t\t<div class='gallery-icon landscape'>\n\t\t\t\t<a href='https:\/\/www.diarioholaveracruz.com.mx\/sitio\/img-20260419-wa0049\/'><img loading=\"lazy\" loading=\"lazy\" decoding=\"async\" width=\"1024\" height=\"502\" src=\"https:\/\/www.diarioholaveracruz.com.mx\/sitio\/wp-content\/uploads\/2026\/04\/IMG-20260419-WA0049-1024x502.jpg\" class=\"attachment-large size-large\" alt=\"\" \/><\/a>\n\t\t\t<\/div><\/figure><figure class='gallery-item'>\n\t\t\t<div class='gallery-icon landscape'>\n\t\t\t\t<a href='https:\/\/www.diarioholaveracruz.com.mx\/sitio\/img-20260419-wa0050\/'><img loading=\"lazy\" loading=\"lazy\" decoding=\"async\" width=\"1024\" height=\"768\" src=\"https:\/\/www.diarioholaveracruz.com.mx\/sitio\/wp-content\/uploads\/2026\/04\/IMG-20260419-WA0050-1024x768.jpg\" class=\"attachment-large size-large\" alt=\"\" \/><\/a>\n\t\t\t<\/div><\/figure><figure class='gallery-item'>\n\t\t\t<div class='gallery-icon landscape'>\n\t\t\t\t<a href='https:\/\/www.diarioholaveracruz.com.mx\/sitio\/img-20260419-wa0051\/'><img loading=\"lazy\" loading=\"lazy\" decoding=\"async\" width=\"1024\" height=\"768\" src=\"https:\/\/www.diarioholaveracruz.com.mx\/sitio\/wp-content\/uploads\/2026\/04\/IMG-20260419-WA0051-1024x768.jpg\" class=\"attachment-large size-large\" alt=\"\" \/><\/a>\n\t\t\t<\/div><\/figure>\n\t\t<\/div>\n<\/p>\n","protected":false},"excerpt":{"rendered":"<p>Gobierno municipal anuncia elenco art\u00edstico de talla nacional e internacional para la m\u00e1xima fiesta del municipio. El evento busca fortalecer la convivencia social y generar impulso econ\u00f3mico en la regi\u00f3n. \u00c1LAMO, VER.- El gobierno municipal de \u00c1lamo Temapache present\u00f3 la cartelera oficial de la Feria de la Naranja 2026, destacando la participaci\u00f3n de artistas reconocidos [&hellip;]<\/p>\n","protected":false},"author":2,"featured_media":18713,"comment_status":"open","ping_status":"open","sticky":false,"template":"","format":"standard","meta":{"pagelayer_contact_templates":[],"_pagelayer_content":"","footnotes":""},"categories":[48,43],"tags":[],"class_list":{"0":"post-18682","1":"post","2":"type-post","3":"status-publish","4":"format-standard","5":"has-post-thumbnail","7":"category-alamo","8":"category-notas_locales"},"_links":{"self":[{"href":"https:\/\/www.diarioholaveracruz.com.mx\/sitio\/wp-json\/wp\/v2\/posts\/18682","targetHints":{"allow":["GET"]}}],"collection":[{"href":"https:\/\/www.diarioholaveracruz.com.mx\/sitio\/wp-json\/wp\/v2\/posts"}],"about":[{"href":"https:\/\/www.diarioholaveracruz.com.mx\/sitio\/wp-json\/wp\/v2\/types\/post"}],"author":[{"embeddable":true,"href":"https:\/\/www.diarioholaveracruz.com.mx\/sitio\/wp-json\/wp\/v2\/users\/2"}],"replies":[{"embeddable":true,"href":"https:\/\/www.diarioholaveracruz.com.mx\/sitio\/wp-json\/wp\/v2\/comments?post=18682"}],"version-history":[{"count":1,"href":"https:\/\/www.diarioholaveracruz.com.mx\/sitio\/wp-json\/wp\/v2\/posts\/18682\/revisions"}],"predecessor-version":[{"id":18743,"href":"https:\/\/www.diarioholaveracruz.com.mx\/sitio\/wp-json\/wp\/v2\/posts\/18682\/revisions\/18743"}],"wp:featuredmedia":[{"embeddable":true,"href":"https:\/\/www.diarioholaveracruz.com.mx\/sitio\/wp-json\/wp\/v2\/media\/18713"}],"wp:attachment":[{"href":"https:\/\/www.diarioholaveracruz.com.mx\/sitio\/wp-json\/wp\/v2\/media?parent=18682"}],"wp:term":[{"taxonomy":"category","embeddable":true,"href":"https:\/\/www.diarioholaveracruz.com.mx\/sitio\/wp-json\/wp\/v2\/categories?post=18682"},{"taxonomy":"post_tag","embeddable":true,"href":"https:\/\/www.diarioholaveracruz.com.mx\/sitio\/wp-json\/wp\/v2\/tags?post=18682"}],"curies":[{"name":"wp","href":"https:\/\/api.w.org\/{rel}","templated":true}]}}