{"id":18773,"date":"2026-04-19T19:02:01","date_gmt":"2026-04-20T01:02:01","guid":{"rendered":"https:\/\/www.diarioholaveracruz.com.mx\/sitio\/?p=18773"},"modified":"2026-04-19T19:02:01","modified_gmt":"2026-04-20T01:02:01","slug":"criminologos-de-tuxpan-convocan-a-colecta-solidaria-para-celebrar-el-dia-del-nino","status":"publish","type":"post","link":"https:\/\/www.diarioholaveracruz.com.mx\/sitio\/criminologos-de-tuxpan-convocan-a-colecta-solidaria-para-celebrar-el-dia-del-nino\/","title":{"rendered":"Crimin\u00f3logos de Tuxpan convocan a colecta solidaria para celebrar el D\u00eda del Ni\u00f1o"},"content":{"rendered":"<p>En un esfuerzo por transformar las festividades de este a\u00f1o en un acto de verdadera inclusi\u00f3n y solidaridad, la Barra de Crimin\u00f3logos y Criminalistas de Tuxpan ha lanzado una convocatoria abierta a la ciudadan\u00eda para sumarse a la colecta especial del D\u00eda del Ni\u00f1o. <\/p>\n<p>El objetivo principal de esta iniciativa es recolectar juguetes, dulces y pi\u00f1atas que ser\u00e1n entregados a menores que viven con alguna discapacidad en el municipio.<\/p>\n<p>El coordinador del proyecto y de la Barra en este municipio; Sa\u00fal Su\u00e1rez Cruz, destac\u00f3 que para esta edici\u00f3n se ha planteado una din\u00e1mica distinta, enfocando todos los esfuerzos y recursos en llegar a los sectores de la poblaci\u00f3n infantil que enfrentan mayores retos y vulnerabilidades. <\/p>\n<p>Seg\u00fan explic\u00f3 el representante de la organizaci\u00f3n, la intenci\u00f3n es que el gremio no solo aporte desde su \u00e1mbito profesional, sino que se involucre activamente en la construcci\u00f3n de tejido social a trav\u00e9s de la alegr\u00eda y el apoyo directo a las familias que m\u00e1s lo necesitan.<\/p>\n<p>Los organizadores invitan a la poblaci\u00f3n en general, as\u00ed como a comercios y asociaciones civiles, a realizar sus donaciones de art\u00edculos nuevos o en excelente estado. <\/p>\n<p>La meta es asegurar que cada peque\u00f1o beneficiado reciba un detalle que ilumine su d\u00eda, reafirmando el compromiso de los especialistas en criminolog\u00eda con el bienestar y la integraci\u00f3n de la ni\u00f1ez tuxpe\u00f1a. <\/p>\n<p>Las aportaciones se estar\u00e1n recibiendo en los centros de acopio designados, buscando que la suma de voluntades logre una celebraci\u00f3n hist\u00f3rica para este sector de la comunidad.<div id='gallery-1' class='gallery galleryid-18773 gallery-columns-3 gallery-size-large'><figure class='gallery-item'>\n\t\t\t<div class='gallery-icon landscape'>\n\t\t\t\t<a href='https:\/\/www.diarioholaveracruz.com.mx\/sitio\/img-20260419-wa0089\/'><img loading=\"lazy\" loading=\"lazy\" decoding=\"async\" width=\"940\" height=\"788\" src=\"https:\/\/www.diarioholaveracruz.com.mx\/sitio\/wp-content\/uploads\/2026\/04\/IMG-20260419-WA0089.jpg\" class=\"attachment-large size-large\" alt=\"\" \/><\/a>\n\t\t\t<\/div><\/figure><figure class='gallery-item'>\n\t\t\t<div class='gallery-icon landscape'>\n\t\t\t\t<a href='https:\/\/www.diarioholaveracruz.com.mx\/sitio\/img-20260419-wa0090\/'><img loading=\"lazy\" loading=\"lazy\" decoding=\"async\" width=\"1024\" height=\"465\" src=\"https:\/\/www.diarioholaveracruz.com.mx\/sitio\/wp-content\/uploads\/2026\/04\/IMG-20260419-WA0090-1024x465.jpg\" class=\"attachment-large size-large\" alt=\"\" \/><\/a>\n\t\t\t<\/div><\/figure>\n\t\t<\/div>\n<\/p>\n","protected":false},"excerpt":{"rendered":"<p>En un esfuerzo por transformar las festividades de este a\u00f1o en un acto de verdadera inclusi\u00f3n y solidaridad, la Barra de Crimin\u00f3logos y Criminalistas de Tuxpan ha lanzado una convocatoria abierta a la ciudadan\u00eda para sumarse a la colecta especial del D\u00eda del Ni\u00f1o. El objetivo principal de esta iniciativa es recolectar juguetes, dulces y [&hellip;]<\/p>\n","protected":false},"author":2,"featured_media":18780,"comment_status":"open","ping_status":"open","sticky":false,"template":"","format":"standard","meta":{"pagelayer_contact_templates":[],"_pagelayer_content":"","footnotes":""},"categories":[43,46],"tags":[],"class_list":{"0":"post-18773","1":"post","2":"type-post","3":"status-publish","4":"format-standard","5":"has-post-thumbnail","7":"category-notas_locales","8":"category-tuxpan"},"_links":{"self":[{"href":"https:\/\/www.diarioholaveracruz.com.mx\/sitio\/wp-json\/wp\/v2\/posts\/18773","targetHints":{"allow":["GET"]}}],"collection":[{"href":"https:\/\/www.diarioholaveracruz.com.mx\/sitio\/wp-json\/wp\/v2\/posts"}],"about":[{"href":"https:\/\/www.diarioholaveracruz.com.mx\/sitio\/wp-json\/wp\/v2\/types\/post"}],"author":[{"embeddable":true,"href":"https:\/\/www.diarioholaveracruz.com.mx\/sitio\/wp-json\/wp\/v2\/users\/2"}],"replies":[{"embeddable":true,"href":"https:\/\/www.diarioholaveracruz.com.mx\/sitio\/wp-json\/wp\/v2\/comments?post=18773"}],"version-history":[{"count":1,"href":"https:\/\/www.diarioholaveracruz.com.mx\/sitio\/wp-json\/wp\/v2\/posts\/18773\/revisions"}],"predecessor-version":[{"id":18788,"href":"https:\/\/www.diarioholaveracruz.com.mx\/sitio\/wp-json\/wp\/v2\/posts\/18773\/revisions\/18788"}],"wp:featuredmedia":[{"embeddable":true,"href":"https:\/\/www.diarioholaveracruz.com.mx\/sitio\/wp-json\/wp\/v2\/media\/18780"}],"wp:attachment":[{"href":"https:\/\/www.diarioholaveracruz.com.mx\/sitio\/wp-json\/wp\/v2\/media?parent=18773"}],"wp:term":[{"taxonomy":"category","embeddable":true,"href":"https:\/\/www.diarioholaveracruz.com.mx\/sitio\/wp-json\/wp\/v2\/categories?post=18773"},{"taxonomy":"post_tag","embeddable":true,"href":"https:\/\/www.diarioholaveracruz.com.mx\/sitio\/wp-json\/wp\/v2\/tags?post=18773"}],"curies":[{"name":"wp","href":"https:\/\/api.w.org\/{rel}","templated":true}]}}