{"id":18849,"date":"2026-04-21T07:24:31","date_gmt":"2026-04-21T13:24:31","guid":{"rendered":"https:\/\/www.diarioholaveracruz.com.mx\/sitio\/?p=18849"},"modified":"2026-04-21T07:24:31","modified_gmt":"2026-04-21T13:24:31","slug":"tuxpan-inicia-festejos-del-dia-de-la-nina-y-el-nino-con-funcion-especial-de-circo","status":"publish","type":"post","link":"https:\/\/www.diarioholaveracruz.com.mx\/sitio\/tuxpan-inicia-festejos-del-dia-de-la-nina-y-el-nino-con-funcion-especial-de-circo\/","title":{"rendered":"Tuxpan inicia festejos del D\u00eda de la Ni\u00f1a y el Ni\u00f1o con funci\u00f3n especial de circo"},"content":{"rendered":"<p>\u2014 Ayuntamiento y DIF Municipal brindan alegr\u00eda a estudiantes de ocho escuelas con espect\u00e1culo gratuito, promoviendo el bienestar y la convivencia familiar<\/p>\n<p>Tuxpan, Veracruz; 20 de abril de 2026.- En el marco del inicio de las celebraciones por el D\u00eda de la Ni\u00f1a y el Ni\u00f1o, el H. Ayuntamiento de Tuxpan, en coordinaci\u00f3n con el Sistema DIF Municipal, llev\u00f3 a cabo la donaci\u00f3n de una funci\u00f3n especial del Circo Gilberto Atayde, dirigida a ni\u00f1as y ni\u00f1os de ocho escuelas de la ciudad.<\/p>\n<p>El alcalde, Daniel Cortina Mart\u00ednez, y la presidenta del DIF Municipal, Marisol Mart\u00ednez Barrios, acompa\u00f1ados por la regidora octava comisionada en DIF, Marleth Blanco T\u00e9llez, encabezaron esta actividad orientada a fomentar espacios de sano esparcimiento y compartiendo momentos de alegr\u00eda durante el espect\u00e1culo.<\/p>\n<p>Durante el evento, el alcalde destac\u00f3 que \u201cver sus sonrisas, su emoci\u00f3n y sus aplausos nos recuerda por qu\u00e9 hacemos las cosas: por ellos, por su presente y su futuro\u201d, reafirmando el compromiso de su administraci\u00f3n con la ni\u00f1ez tuxpe\u00f1a.<\/p>\n<p>Esta funci\u00f3n especial fue posible tambi\u00e9n gracias al valioso apoyo de la Asociaci\u00f3n Ganadera Local de Tuxpan, sumando esfuerzos en favor de las ni\u00f1as y ni\u00f1os del municipio.<\/p>\n<p>Cabe destacar que los festejos continuar\u00e1n el pr\u00f3ximo viernes 24 de abril a las 16:30 horas en la Plaza C\u00edvica, con actividades recreativas para toda la familia. Asimismo, el lunes se realizar\u00e1 una funci\u00f3n de cine, cuyos accesos ser\u00e1n otorgados mediante un sorteo a trav\u00e9s de redes sociales oficiales.<div id='gallery-1' class='gallery galleryid-18849 gallery-columns-3 gallery-size-thumbnail'><figure class='gallery-item'>\n\t\t\t<div class='gallery-icon landscape'>\n\t\t\t\t<a href='https:\/\/www.diarioholaveracruz.com.mx\/sitio\/tuxpan-inicia-festejos-del-dia-de-la-nina-y-el-nino-con-funcion-especial-de-circo\/img-20260421-wa0026\/'><img loading=\"lazy\" loading=\"lazy\" decoding=\"async\" width=\"150\" height=\"150\" src=\"https:\/\/www.diarioholaveracruz.com.mx\/sitio\/wp-content\/uploads\/2026\/04\/IMG-20260421-WA0026-150x150.jpg\" class=\"attachment-thumbnail size-thumbnail\" alt=\"\" \/><\/a>\n\t\t\t<\/div><\/figure><figure class='gallery-item'>\n\t\t\t<div class='gallery-icon landscape'>\n\t\t\t\t<a href='https:\/\/www.diarioholaveracruz.com.mx\/sitio\/tuxpan-inicia-festejos-del-dia-de-la-nina-y-el-nino-con-funcion-especial-de-circo\/img-20260421-wa0024\/'><img loading=\"lazy\" loading=\"lazy\" decoding=\"async\" width=\"150\" height=\"150\" src=\"https:\/\/www.diarioholaveracruz.com.mx\/sitio\/wp-content\/uploads\/2026\/04\/IMG-20260421-WA0024-150x150.jpg\" class=\"attachment-thumbnail size-thumbnail\" alt=\"\" \/><\/a>\n\t\t\t<\/div><\/figure><figure class='gallery-item'>\n\t\t\t<div class='gallery-icon landscape'>\n\t\t\t\t<a href='https:\/\/www.diarioholaveracruz.com.mx\/sitio\/tuxpan-inicia-festejos-del-dia-de-la-nina-y-el-nino-con-funcion-especial-de-circo\/img-20260421-wa0025\/'><img loading=\"lazy\" loading=\"lazy\" decoding=\"async\" width=\"150\" height=\"150\" src=\"https:\/\/www.diarioholaveracruz.com.mx\/sitio\/wp-content\/uploads\/2026\/04\/IMG-20260421-WA0025-150x150.jpg\" class=\"attachment-thumbnail size-thumbnail\" alt=\"\" \/><\/a>\n\t\t\t<\/div><\/figure><figure class='gallery-item'>\n\t\t\t<div class='gallery-icon landscape'>\n\t\t\t\t<a href='https:\/\/www.diarioholaveracruz.com.mx\/sitio\/tuxpan-inicia-festejos-del-dia-de-la-nina-y-el-nino-con-funcion-especial-de-circo\/img-20260421-wa0022\/'><img loading=\"lazy\" loading=\"lazy\" decoding=\"async\" width=\"150\" height=\"150\" src=\"https:\/\/www.diarioholaveracruz.com.mx\/sitio\/wp-content\/uploads\/2026\/04\/IMG-20260421-WA0022-150x150.jpg\" class=\"attachment-thumbnail size-thumbnail\" alt=\"\" \/><\/a>\n\t\t\t<\/div><\/figure><figure class='gallery-item'>\n\t\t\t<div class='gallery-icon landscape'>\n\t\t\t\t<a href='https:\/\/www.diarioholaveracruz.com.mx\/sitio\/tuxpan-inicia-festejos-del-dia-de-la-nina-y-el-nino-con-funcion-especial-de-circo\/img-20260421-wa0023\/'><img loading=\"lazy\" loading=\"lazy\" decoding=\"async\" width=\"150\" height=\"150\" src=\"https:\/\/www.diarioholaveracruz.com.mx\/sitio\/wp-content\/uploads\/2026\/04\/IMG-20260421-WA0023-150x150.jpg\" class=\"attachment-thumbnail size-thumbnail\" alt=\"\" \/><\/a>\n\t\t\t<\/div><\/figure><figure class='gallery-item'>\n\t\t\t<div class='gallery-icon landscape'>\n\t\t\t\t<a href='https:\/\/www.diarioholaveracruz.com.mx\/sitio\/tuxpan-inicia-festejos-del-dia-de-la-nina-y-el-nino-con-funcion-especial-de-circo\/img-20260421-wa0021\/'><img loading=\"lazy\" loading=\"lazy\" decoding=\"async\" width=\"150\" height=\"150\" src=\"https:\/\/www.diarioholaveracruz.com.mx\/sitio\/wp-content\/uploads\/2026\/04\/IMG-20260421-WA0021-150x150.jpg\" class=\"attachment-thumbnail size-thumbnail\" alt=\"\" \/><\/a>\n\t\t\t<\/div><\/figure><figure class='gallery-item'>\n\t\t\t<div class='gallery-icon landscape'>\n\t\t\t\t<a href='https:\/\/www.diarioholaveracruz.com.mx\/sitio\/tuxpan-inicia-festejos-del-dia-de-la-nina-y-el-nino-con-funcion-especial-de-circo\/img-20260421-wa0019\/'><img loading=\"lazy\" loading=\"lazy\" decoding=\"async\" width=\"150\" height=\"150\" src=\"https:\/\/www.diarioholaveracruz.com.mx\/sitio\/wp-content\/uploads\/2026\/04\/IMG-20260421-WA0019-150x150.jpg\" class=\"attachment-thumbnail size-thumbnail\" alt=\"\" \/><\/a>\n\t\t\t<\/div><\/figure><figure class='gallery-item'>\n\t\t\t<div class='gallery-icon landscape'>\n\t\t\t\t<a href='https:\/\/www.diarioholaveracruz.com.mx\/sitio\/tuxpan-inicia-festejos-del-dia-de-la-nina-y-el-nino-con-funcion-especial-de-circo\/img-20260421-wa0020\/'><img loading=\"lazy\" loading=\"lazy\" decoding=\"async\" width=\"150\" height=\"150\" src=\"https:\/\/www.diarioholaveracruz.com.mx\/sitio\/wp-content\/uploads\/2026\/04\/IMG-20260421-WA0020-150x150.jpg\" class=\"attachment-thumbnail size-thumbnail\" alt=\"\" \/><\/a>\n\t\t\t<\/div><\/figure><figure class='gallery-item'>\n\t\t\t<div class='gallery-icon landscape'>\n\t\t\t\t<a href='https:\/\/www.diarioholaveracruz.com.mx\/sitio\/tuxpan-inicia-festejos-del-dia-de-la-nina-y-el-nino-con-funcion-especial-de-circo\/img-20260421-wa0017\/'><img loading=\"lazy\" loading=\"lazy\" decoding=\"async\" width=\"150\" height=\"150\" src=\"https:\/\/www.diarioholaveracruz.com.mx\/sitio\/wp-content\/uploads\/2026\/04\/IMG-20260421-WA0017-150x150.jpg\" class=\"attachment-thumbnail size-thumbnail\" alt=\"\" \/><\/a>\n\t\t\t<\/div><\/figure><figure class='gallery-item'>\n\t\t\t<div class='gallery-icon landscape'>\n\t\t\t\t<a href='https:\/\/www.diarioholaveracruz.com.mx\/sitio\/tuxpan-inicia-festejos-del-dia-de-la-nina-y-el-nino-con-funcion-especial-de-circo\/img-20260421-wa0018\/'><img loading=\"lazy\" loading=\"lazy\" decoding=\"async\" width=\"150\" height=\"150\" src=\"https:\/\/www.diarioholaveracruz.com.mx\/sitio\/wp-content\/uploads\/2026\/04\/IMG-20260421-WA0018-150x150.jpg\" class=\"attachment-thumbnail size-thumbnail\" alt=\"\" \/><\/a>\n\t\t\t<\/div><\/figure><figure class='gallery-item'>\n\t\t\t<div class='gallery-icon portrait'>\n\t\t\t\t<a href='https:\/\/www.diarioholaveracruz.com.mx\/sitio\/tuxpan-inicia-festejos-del-dia-de-la-nina-y-el-nino-con-funcion-especial-de-circo\/img-20260421-wa0015\/'><img loading=\"lazy\" loading=\"lazy\" decoding=\"async\" width=\"150\" height=\"150\" src=\"https:\/\/www.diarioholaveracruz.com.mx\/sitio\/wp-content\/uploads\/2026\/04\/IMG-20260421-WA0015-150x150.jpg\" class=\"attachment-thumbnail size-thumbnail\" alt=\"\" \/><\/a>\n\t\t\t<\/div><\/figure><figure class='gallery-item'>\n\t\t\t<div class='gallery-icon landscape'>\n\t\t\t\t<a href='https:\/\/www.diarioholaveracruz.com.mx\/sitio\/tuxpan-inicia-festejos-del-dia-de-la-nina-y-el-nino-con-funcion-especial-de-circo\/img-20260421-wa0016\/'><img loading=\"lazy\" loading=\"lazy\" decoding=\"async\" width=\"150\" height=\"150\" src=\"https:\/\/www.diarioholaveracruz.com.mx\/sitio\/wp-content\/uploads\/2026\/04\/IMG-20260421-WA0016-150x150.jpg\" class=\"attachment-thumbnail size-thumbnail\" alt=\"\" \/><\/a>\n\t\t\t<\/div><\/figure><figure class='gallery-item'>\n\t\t\t<div class='gallery-icon landscape'>\n\t\t\t\t<a href='https:\/\/www.diarioholaveracruz.com.mx\/sitio\/tuxpan-inicia-festejos-del-dia-de-la-nina-y-el-nino-con-funcion-especial-de-circo\/img-20260421-wa0014\/'><img loading=\"lazy\" loading=\"lazy\" decoding=\"async\" width=\"150\" height=\"150\" src=\"https:\/\/www.diarioholaveracruz.com.mx\/sitio\/wp-content\/uploads\/2026\/04\/IMG-20260421-WA0014-150x150.jpg\" class=\"attachment-thumbnail size-thumbnail\" alt=\"\" \/><\/a>\n\t\t\t<\/div><\/figure>\n\t\t<\/div>\n<\/p>\n","protected":false},"excerpt":{"rendered":"<p>\u2014 Ayuntamiento y DIF Municipal brindan alegr\u00eda a estudiantes de ocho escuelas con espect\u00e1culo gratuito, promoviendo el bienestar y la convivencia familiar Tuxpan, Veracruz; 20 de abril de 2026.- En el marco del inicio de las celebraciones por el D\u00eda de la Ni\u00f1a y el Ni\u00f1o, el H. Ayuntamiento de Tuxpan, en coordinaci\u00f3n con el [&hellip;]<\/p>\n","protected":false},"author":2,"featured_media":18876,"comment_status":"open","ping_status":"open","sticky":false,"template":"","format":"standard","meta":{"pagelayer_contact_templates":[],"_pagelayer_content":"","footnotes":""},"categories":[43,46],"tags":[],"class_list":{"0":"post-18849","1":"post","2":"type-post","3":"status-publish","4":"format-standard","5":"has-post-thumbnail","7":"category-notas_locales","8":"category-tuxpan"},"_links":{"self":[{"href":"https:\/\/www.diarioholaveracruz.com.mx\/sitio\/wp-json\/wp\/v2\/posts\/18849","targetHints":{"allow":["GET"]}}],"collection":[{"href":"https:\/\/www.diarioholaveracruz.com.mx\/sitio\/wp-json\/wp\/v2\/posts"}],"about":[{"href":"https:\/\/www.diarioholaveracruz.com.mx\/sitio\/wp-json\/wp\/v2\/types\/post"}],"author":[{"embeddable":true,"href":"https:\/\/www.diarioholaveracruz.com.mx\/sitio\/wp-json\/wp\/v2\/users\/2"}],"replies":[{"embeddable":true,"href":"https:\/\/www.diarioholaveracruz.com.mx\/sitio\/wp-json\/wp\/v2\/comments?post=18849"}],"version-history":[{"count":1,"href":"https:\/\/www.diarioholaveracruz.com.mx\/sitio\/wp-json\/wp\/v2\/posts\/18849\/revisions"}],"predecessor-version":[{"id":18879,"href":"https:\/\/www.diarioholaveracruz.com.mx\/sitio\/wp-json\/wp\/v2\/posts\/18849\/revisions\/18879"}],"wp:featuredmedia":[{"embeddable":true,"href":"https:\/\/www.diarioholaveracruz.com.mx\/sitio\/wp-json\/wp\/v2\/media\/18876"}],"wp:attachment":[{"href":"https:\/\/www.diarioholaveracruz.com.mx\/sitio\/wp-json\/wp\/v2\/media?parent=18849"}],"wp:term":[{"taxonomy":"category","embeddable":true,"href":"https:\/\/www.diarioholaveracruz.com.mx\/sitio\/wp-json\/wp\/v2\/categories?post=18849"},{"taxonomy":"post_tag","embeddable":true,"href":"https:\/\/www.diarioholaveracruz.com.mx\/sitio\/wp-json\/wp\/v2\/tags?post=18849"}],"curies":[{"name":"wp","href":"https:\/\/api.w.org\/{rel}","templated":true}]}}