{"id":18897,"date":"2026-04-21T16:26:52","date_gmt":"2026-04-21T22:26:52","guid":{"rendered":"https:\/\/www.diarioholaveracruz.com.mx\/sitio\/?p=18897"},"modified":"2026-04-21T16:27:57","modified_gmt":"2026-04-21T22:27:57","slug":"gobierno-municipal-fortalece-acciones-para-la-reconstruccion-y-desarrollo-de-alamo","status":"publish","type":"post","link":"https:\/\/www.diarioholaveracruz.com.mx\/sitio\/gobierno-municipal-fortalece-acciones-para-la-reconstruccion-y-desarrollo-de-alamo\/","title":{"rendered":"GOBIERNO MUNICIPAL FORTALECE ACCIONES PARA LA RECONSTRUCCI\u00d3N Y DESARROLLO DE \u00c1LAMO"},"content":{"rendered":"<p>* Se impulsan trabajos preventivos y de infraestructura en distintos sectores del municipio.<\/p>\n<p>\u00c1LAMO, VER.- A poco m\u00e1s de tres meses del inicio de la actual administraci\u00f3n, el Gobierno Municipal de \u00c1lamo Temapache contin\u00faa implementando acciones encaminadas a la reconstrucci\u00f3n integral y al fortalecimiento del desarrollo en beneficio de la poblaci\u00f3n.<\/p>\n<p>El presidente municipal, C. Jos\u00e9 Roberto \u201cPepe\u201d Arenas Mart\u00ednez, ha reiterado la importancia de mantener una gesti\u00f3n permanente ante instancias estatales y federales, con el objetivo de consolidar proyectos que contribuyan a mejorar las condiciones de vida de las familias alamenses.<\/p>\n<p>Como parte de estas acciones, durante la semana reciente se llevaron a cabo trabajos de limpieza y desazolve en canales pluviales ubicados en las colonias Morelos y Oro Verde, con la finalidad de prevenir afectaciones durante la temporada de lluvias y garantizar el adecuado flujo de las aguas pluviales en zonas como Morelos, Empleados Municipales, Vista Hermosa y Pantepec.<\/p>\n<p>De manera paralela, en la colonia Empleados Municipales se desarrollan labores de instalaci\u00f3n de postes y luminarias, fortaleciendo el servicio de alumbrado p\u00fablico para brindar mayor seguridad y mejorar la calidad de vida de quienes habitan en este sector.<\/p>\n<p>El alcalde se\u00f1al\u00f3 que los trabajos de reconstrucci\u00f3n contin\u00faan en distintos puntos del municipio, tanto en la cabecera como en comunidades, priorizando aquellas zonas que requieren atenci\u00f3n para restablecer plenamente sus condiciones.<div id='gallery-1' class='gallery galleryid-18897 gallery-columns-3 gallery-size-large'><figure class='gallery-item'>\n\t\t\t<div class='gallery-icon landscape'>\n\t\t\t\t<a href='https:\/\/www.diarioholaveracruz.com.mx\/sitio\/img-20260419-wa0044-3\/'><img loading=\"lazy\" loading=\"lazy\" decoding=\"async\" width=\"1024\" height=\"768\" src=\"https:\/\/www.diarioholaveracruz.com.mx\/sitio\/wp-content\/uploads\/2026\/04\/IMG-20260419-WA0044-2-1024x768.jpg\" class=\"attachment-large size-large\" alt=\"\" \/><\/a>\n\t\t\t<\/div><\/figure><figure class='gallery-item'>\n\t\t\t<div class='gallery-icon landscape'>\n\t\t\t\t<a href='https:\/\/www.diarioholaveracruz.com.mx\/sitio\/img-20260421-wa0075\/'><img loading=\"lazy\" loading=\"lazy\" decoding=\"async\" width=\"1024\" height=\"768\" src=\"https:\/\/www.diarioholaveracruz.com.mx\/sitio\/wp-content\/uploads\/2026\/04\/IMG-20260421-WA0075-1024x768.jpg\" class=\"attachment-large size-large\" alt=\"\" \/><\/a>\n\t\t\t<\/div><\/figure><figure class='gallery-item'>\n\t\t\t<div class='gallery-icon landscape'>\n\t\t\t\t<a href='https:\/\/www.diarioholaveracruz.com.mx\/sitio\/img-20260421-wa0076\/'><img loading=\"lazy\" loading=\"lazy\" decoding=\"async\" width=\"1024\" height=\"768\" src=\"https:\/\/www.diarioholaveracruz.com.mx\/sitio\/wp-content\/uploads\/2026\/04\/IMG-20260421-WA0076-1024x768.jpg\" class=\"attachment-large size-large\" alt=\"\" \/><\/a>\n\t\t\t<\/div><\/figure>\n\t\t<\/div>\n<\/p>\n","protected":false},"excerpt":{"rendered":"<p>* Se impulsan trabajos preventivos y de infraestructura en distintos sectores del municipio. \u00c1LAMO, VER.- A poco m\u00e1s de tres meses del inicio de la actual administraci\u00f3n, el Gobierno Municipal de \u00c1lamo Temapache contin\u00faa implementando acciones encaminadas a la reconstrucci\u00f3n integral y al fortalecimiento del desarrollo en beneficio de la poblaci\u00f3n. El presidente municipal, C. [&hellip;]<\/p>\n","protected":false},"author":2,"featured_media":18895,"comment_status":"open","ping_status":"open","sticky":false,"template":"","format":"standard","meta":{"pagelayer_contact_templates":[],"_pagelayer_content":"","footnotes":""},"categories":[48,43],"tags":[],"class_list":{"0":"post-18897","1":"post","2":"type-post","3":"status-publish","4":"format-standard","5":"has-post-thumbnail","7":"category-alamo","8":"category-notas_locales"},"_links":{"self":[{"href":"https:\/\/www.diarioholaveracruz.com.mx\/sitio\/wp-json\/wp\/v2\/posts\/18897","targetHints":{"allow":["GET"]}}],"collection":[{"href":"https:\/\/www.diarioholaveracruz.com.mx\/sitio\/wp-json\/wp\/v2\/posts"}],"about":[{"href":"https:\/\/www.diarioholaveracruz.com.mx\/sitio\/wp-json\/wp\/v2\/types\/post"}],"author":[{"embeddable":true,"href":"https:\/\/www.diarioholaveracruz.com.mx\/sitio\/wp-json\/wp\/v2\/users\/2"}],"replies":[{"embeddable":true,"href":"https:\/\/www.diarioholaveracruz.com.mx\/sitio\/wp-json\/wp\/v2\/comments?post=18897"}],"version-history":[{"count":1,"href":"https:\/\/www.diarioholaveracruz.com.mx\/sitio\/wp-json\/wp\/v2\/posts\/18897\/revisions"}],"predecessor-version":[{"id":18917,"href":"https:\/\/www.diarioholaveracruz.com.mx\/sitio\/wp-json\/wp\/v2\/posts\/18897\/revisions\/18917"}],"wp:featuredmedia":[{"embeddable":true,"href":"https:\/\/www.diarioholaveracruz.com.mx\/sitio\/wp-json\/wp\/v2\/media\/18895"}],"wp:attachment":[{"href":"https:\/\/www.diarioholaveracruz.com.mx\/sitio\/wp-json\/wp\/v2\/media?parent=18897"}],"wp:term":[{"taxonomy":"category","embeddable":true,"href":"https:\/\/www.diarioholaveracruz.com.mx\/sitio\/wp-json\/wp\/v2\/categories?post=18897"},{"taxonomy":"post_tag","embeddable":true,"href":"https:\/\/www.diarioholaveracruz.com.mx\/sitio\/wp-json\/wp\/v2\/tags?post=18897"}],"curies":[{"name":"wp","href":"https:\/\/api.w.org\/{rel}","templated":true}]}}