{"id":18953,"date":"2026-04-21T19:20:00","date_gmt":"2026-04-22T01:20:00","guid":{"rendered":"https:\/\/www.diarioholaveracruz.com.mx\/sitio\/?p=18953"},"modified":"2026-04-21T19:20:00","modified_gmt":"2026-04-22T01:20:00","slug":"invitan-a-gran-festejo-del-dia-del-nino","status":"publish","type":"post","link":"https:\/\/www.diarioholaveracruz.com.mx\/sitio\/invitan-a-gran-festejo-del-dia-del-nino\/","title":{"rendered":"Invitan a gran festejo del D\u00eda del ni\u00f1o"},"content":{"rendered":"<p>Evento se realizar\u00e1 en el parque Kiwikgolo <\/p>\n<p>PAPANTLA, VER.- Con el objetivo de celebrar a la ni\u00f1ez y promover la convivencia familiar, autoridades municipales anunciaron la realizaci\u00f3n de un magno evento con motivo del D\u00eda de la Ni\u00f1a y el Ni\u00f1o, el cual se llevar\u00e1 a cabo el pr\u00f3ximo 30 de abril en el Parque Ecol\u00f3gico Kiwikgolo.<\/p>\n<p>La actividad dar\u00e1 inicio a las 15:00 horas y est\u00e1 dirigida a ni\u00f1as y ni\u00f1os del municipio, quienes podr\u00e1n disfrutar de una tarde llena de diversi\u00f3n, juegos y actividades pensadas especialmente para su entretenimiento.<\/p>\n<p>De acuerdo con los organizadores, el programa incluye talleres creativos, din\u00e1micas recreativas, obsequios, as\u00ed como una zona inclusiva que permitir\u00e1 la participaci\u00f3n de todos los asistentes. Adem\u00e1s, se contar\u00e1 con un espect\u00e1culo especial que busca sorprender y alegrar a los menores.<\/p>\n<p>Autoridades municipales destacaron que este tipo de celebraciones fomentan la uni\u00f3n familiar y brindan espacios seguros de esparcimiento, contribuyendo al desarrollo integral de la ni\u00f1ez.<\/p>\n<p>Finalmente, se extendi\u00f3 la invitaci\u00f3n a madres, padres y tutores para que asistan con sus hijos y formen parte de esta jornada que promete alegr\u00eda y momentos inolvidables en el Parque Ecol\u00f3gico Kiwikgolo.<\/p>\n","protected":false},"excerpt":{"rendered":"<p>Evento se realizar\u00e1 en el parque Kiwikgolo PAPANTLA, VER.- Con el objetivo de celebrar a la ni\u00f1ez y promover la convivencia familiar, autoridades municipales anunciaron la realizaci\u00f3n de un magno evento con motivo del D\u00eda de la Ni\u00f1a y el Ni\u00f1o, el cual se llevar\u00e1 a cabo el pr\u00f3ximo 30 de abril en el Parque [&hellip;]<\/p>\n","protected":false},"author":2,"featured_media":18956,"comment_status":"open","ping_status":"open","sticky":false,"template":"","format":"standard","meta":{"pagelayer_contact_templates":[],"_pagelayer_content":"","footnotes":""},"categories":[43,49],"tags":[],"class_list":{"0":"post-18953","1":"post","2":"type-post","3":"status-publish","4":"format-standard","5":"has-post-thumbnail","7":"category-notas_locales","8":"category-papantla"},"_links":{"self":[{"href":"https:\/\/www.diarioholaveracruz.com.mx\/sitio\/wp-json\/wp\/v2\/posts\/18953","targetHints":{"allow":["GET"]}}],"collection":[{"href":"https:\/\/www.diarioholaveracruz.com.mx\/sitio\/wp-json\/wp\/v2\/posts"}],"about":[{"href":"https:\/\/www.diarioholaveracruz.com.mx\/sitio\/wp-json\/wp\/v2\/types\/post"}],"author":[{"embeddable":true,"href":"https:\/\/www.diarioholaveracruz.com.mx\/sitio\/wp-json\/wp\/v2\/users\/2"}],"replies":[{"embeddable":true,"href":"https:\/\/www.diarioholaveracruz.com.mx\/sitio\/wp-json\/wp\/v2\/comments?post=18953"}],"version-history":[{"count":1,"href":"https:\/\/www.diarioholaveracruz.com.mx\/sitio\/wp-json\/wp\/v2\/posts\/18953\/revisions"}],"predecessor-version":[{"id":18957,"href":"https:\/\/www.diarioholaveracruz.com.mx\/sitio\/wp-json\/wp\/v2\/posts\/18953\/revisions\/18957"}],"wp:featuredmedia":[{"embeddable":true,"href":"https:\/\/www.diarioholaveracruz.com.mx\/sitio\/wp-json\/wp\/v2\/media\/18956"}],"wp:attachment":[{"href":"https:\/\/www.diarioholaveracruz.com.mx\/sitio\/wp-json\/wp\/v2\/media?parent=18953"}],"wp:term":[{"taxonomy":"category","embeddable":true,"href":"https:\/\/www.diarioholaveracruz.com.mx\/sitio\/wp-json\/wp\/v2\/categories?post=18953"},{"taxonomy":"post_tag","embeddable":true,"href":"https:\/\/www.diarioholaveracruz.com.mx\/sitio\/wp-json\/wp\/v2\/tags?post=18953"}],"curies":[{"name":"wp","href":"https:\/\/api.w.org\/{rel}","templated":true}]}}