{"id":18962,"date":"2026-04-21T20:02:08","date_gmt":"2026-04-22T02:02:08","guid":{"rendered":"https:\/\/www.diarioholaveracruz.com.mx\/sitio\/?p=18962"},"modified":"2026-04-21T20:02:08","modified_gmt":"2026-04-22T02:02:08","slug":"todo-listo-para-el-carnaval-tuxpan-grandes-artistas-y-diversion-para-toda-la-familia","status":"publish","type":"post","link":"https:\/\/www.diarioholaveracruz.com.mx\/sitio\/todo-listo-para-el-carnaval-tuxpan-grandes-artistas-y-diversion-para-toda-la-familia\/","title":{"rendered":"Todo listo para el Carnaval Tuxpan: grandes artistas y diversi\u00f3n para toda la familia"},"content":{"rendered":"<p>Xalapa, Ver., martes 21 de abril de 2026.\u2013 Con una cartelera art\u00edstica de primer nivel y actividades para toda la familia, la Secretar\u00eda de Turismo invita a disfrutar del Carnaval Tuxpan 2026, La fiesta la hacemos todos, que se llevar\u00e1 a cabo del 30 de abril al 04 de mayo.<\/p>\n<p>Las actividades iniciar\u00e1n el jueves 30 con la presentaci\u00f3n de Luis \u00c1ngel, El Flaco, dando apertura a una fiesta llena de m\u00fasica y tradici\u00f3n. <\/p>\n<p>El viernes 01 de mayo se presentar\u00e1 Gloria Trevi, quien pondr\u00e1 a cantar y bailar a los asistentes con sus grandes \u00e9xitos.<\/p>\n<p>El s\u00e1bado 02 de mayo, el reconocido salsero Gilberto Santa Rosa, ofrecer\u00e1 una noche de ritmo y sabor caribe\u00f1o.<br \/>\nEl domingo 03 de mayo, el talento juvenil llegar\u00e1 con la participaci\u00f3n de Xavi, uno de los artistas emergentes m\u00e1s populares del momento.<\/p>\n<p>El lunes 04 de mayo, El Norte\u00f1o, despedir\u00e1 las fiestas carnestolendas con lo mejor de la m\u00fasica regional.<br \/>\nTodas las presentaciones ser\u00e1n de acceso gratuito, para que visitantes y poblaci\u00f3n local disfruten de esta festividad.<\/p>\n<p>El Carnaval Tuxpan se desarrolla en un entorno privilegiado frente al Golfo de M\u00e9xico, donde adem\u00e1s de la programaci\u00f3n art\u00edstica, las y los visitantes pueden recorrer sus atractivos tur\u00edsticos, disfrutar de sus paisajes y conocer su riqueza gastron\u00f3mica.<\/p>\n<p>El destino cuenta con una oferta tur\u00edstica integral, que incluye servicios de gu\u00edas especializados, touroperadores y una amplia infraestructura hotelera, lo que garantiza una experiencia c\u00f3moda y completa.<\/p>\n<p>Como parte de esta celebraci\u00f3n, se presenta la Corte Real del Carnaval, integrada por la Reina, Ana Maury Rodr\u00edguez; el Rey de la Alegr\u00eda, Jos\u00e9 Antonio C\u00e1rdenas Sol\u00eds; la Reina LGBTQ+, Kendrag I; el Rey LGBTQ+, Jes\u00fas Eduardo Vera Cast\u00e1n; la Princesa Primera, Regina Garc\u00e9s; la Princesa Segunda, Lised Salas; as\u00ed como los Reyes Infantiles, Kevin Gael Guti\u00e9rrez y Fal\u00fa Lagunes.<br \/>\n&#8212;000&#8212;<\/p>\n","protected":false},"excerpt":{"rendered":"<p>Xalapa, Ver., martes 21 de abril de 2026.\u2013 Con una cartelera art\u00edstica de primer nivel y actividades para toda la familia, la Secretar\u00eda de Turismo invita a disfrutar del Carnaval Tuxpan 2026, La fiesta la hacemos todos, que se llevar\u00e1 a cabo del 30 de abril al 04 de mayo. Las actividades iniciar\u00e1n el jueves [&hellip;]<\/p>\n","protected":false},"author":2,"featured_media":18966,"comment_status":"open","ping_status":"open","sticky":false,"template":"","format":"standard","meta":{"pagelayer_contact_templates":[],"_pagelayer_content":"","footnotes":""},"categories":[43,46],"tags":[],"class_list":{"0":"post-18962","1":"post","2":"type-post","3":"status-publish","4":"format-standard","5":"has-post-thumbnail","7":"category-notas_locales","8":"category-tuxpan"},"_links":{"self":[{"href":"https:\/\/www.diarioholaveracruz.com.mx\/sitio\/wp-json\/wp\/v2\/posts\/18962","targetHints":{"allow":["GET"]}}],"collection":[{"href":"https:\/\/www.diarioholaveracruz.com.mx\/sitio\/wp-json\/wp\/v2\/posts"}],"about":[{"href":"https:\/\/www.diarioholaveracruz.com.mx\/sitio\/wp-json\/wp\/v2\/types\/post"}],"author":[{"embeddable":true,"href":"https:\/\/www.diarioholaveracruz.com.mx\/sitio\/wp-json\/wp\/v2\/users\/2"}],"replies":[{"embeddable":true,"href":"https:\/\/www.diarioholaveracruz.com.mx\/sitio\/wp-json\/wp\/v2\/comments?post=18962"}],"version-history":[{"count":1,"href":"https:\/\/www.diarioholaveracruz.com.mx\/sitio\/wp-json\/wp\/v2\/posts\/18962\/revisions"}],"predecessor-version":[{"id":18991,"href":"https:\/\/www.diarioholaveracruz.com.mx\/sitio\/wp-json\/wp\/v2\/posts\/18962\/revisions\/18991"}],"wp:featuredmedia":[{"embeddable":true,"href":"https:\/\/www.diarioholaveracruz.com.mx\/sitio\/wp-json\/wp\/v2\/media\/18966"}],"wp:attachment":[{"href":"https:\/\/www.diarioholaveracruz.com.mx\/sitio\/wp-json\/wp\/v2\/media?parent=18962"}],"wp:term":[{"taxonomy":"category","embeddable":true,"href":"https:\/\/www.diarioholaveracruz.com.mx\/sitio\/wp-json\/wp\/v2\/categories?post=18962"},{"taxonomy":"post_tag","embeddable":true,"href":"https:\/\/www.diarioholaveracruz.com.mx\/sitio\/wp-json\/wp\/v2\/tags?post=18962"}],"curies":[{"name":"wp","href":"https:\/\/api.w.org\/{rel}","templated":true}]}}