{"id":19092,"date":"2026-04-23T09:59:03","date_gmt":"2026-04-23T15:59:03","guid":{"rendered":"https:\/\/www.diarioholaveracruz.com.mx\/sitio\/?p=19092"},"modified":"2026-04-23T09:59:03","modified_gmt":"2026-04-23T15:59:03","slug":"inician-rehabilitacion-de-puente-vehicular","status":"publish","type":"post","link":"https:\/\/www.diarioholaveracruz.com.mx\/sitio\/inician-rehabilitacion-de-puente-vehicular\/","title":{"rendered":"Inician rehabilitaci\u00f3n de puente vehicular"},"content":{"rendered":"<p>Benefician a familias de la comunidad El Pac\u00edfico<\/p>\n<p>ESPINAL, VER.\u2013 Habitantes de la comunidad de El Pac\u00edfico celebraron el inicio de la rehabilitaci\u00f3n de un puente vehicular que durante meses permaneci\u00f3 inhabilitado tras sufrir un socav\u00f3n, representando un riesgo tanto para peatones como para automovilistas.<\/p>\n<p>Durante el arranque de la obra, la alcaldesa Viridiana P\u00e9rez Pati\u00f1o, acompa\u00f1ada del cuerpo edilicio y vecinos de la localidad, destac\u00f3 que esta acci\u00f3n responde al compromiso de su administraci\u00f3n de atender las necesidades prioritarias de la poblaci\u00f3n.<\/p>\n<p>La mandataria subray\u00f3 que la rehabilitaci\u00f3n del puente permitir\u00e1 restablecer el tr\u00e1nsito seguro en la zona, beneficiando directamente a 989 habitantes, quienes por largo tiempo se vieron afectados por la falta de esta v\u00eda de comunicaci\u00f3n.<\/p>\n<p>Asimismo, anunci\u00f3 que para este a\u00f1o la comunidad ser\u00e1 beneficiada con una segunda obra, consistente en la pavimentaci\u00f3n de una calle, la cual ser\u00e1 definida en conjunto con los pobladores mediante una pr\u00f3xima reuni\u00f3n, fomentando as\u00ed la participaci\u00f3n ciudadana en la toma de decisiones.<\/p>\n<p>En cuanto a los trabajos, se inform\u00f3 que la obra contempla la construcci\u00f3n de una losa de 24.5 metros cuadrados, una estructura de 9 metros lineales de altura y el uso de 18.2 metros c\u00fabicos de concreto cicl\u00f3peo, garantizando una infraestructura s\u00f3lida y segura.<\/p>\n<p>Autoridades municipales reiteraron que estas acciones forman parte de una estrategia enfocada en mejorar la conectividad y la calidad de vida de las familias, impulsando el desarrollo de las comunidades de Espinal.<div id='gallery-1' class='gallery galleryid-19092 gallery-columns-3 gallery-size-large'><figure class='gallery-item'>\n\t\t\t<div class='gallery-icon landscape'>\n\t\t\t\t<a href='https:\/\/www.diarioholaveracruz.com.mx\/sitio\/img-20260423-wa0015\/'><img loading=\"lazy\" loading=\"lazy\" decoding=\"async\" width=\"1024\" height=\"576\" src=\"https:\/\/www.diarioholaveracruz.com.mx\/sitio\/wp-content\/uploads\/2026\/04\/IMG-20260423-WA0015-1024x576.jpg\" class=\"attachment-large size-large\" alt=\"\" \/><\/a>\n\t\t\t<\/div><\/figure><figure class='gallery-item'>\n\t\t\t<div class='gallery-icon landscape'>\n\t\t\t\t<a href='https:\/\/www.diarioholaveracruz.com.mx\/sitio\/img-20260423-wa0016\/'><img loading=\"lazy\" loading=\"lazy\" decoding=\"async\" width=\"1024\" height=\"576\" src=\"https:\/\/www.diarioholaveracruz.com.mx\/sitio\/wp-content\/uploads\/2026\/04\/IMG-20260423-WA0016-1024x576.jpg\" class=\"attachment-large size-large\" alt=\"\" \/><\/a>\n\t\t\t<\/div><\/figure>\n\t\t<\/div>\n<\/p>\n","protected":false},"excerpt":{"rendered":"<p>Benefician a familias de la comunidad El Pac\u00edfico ESPINAL, VER.\u2013 Habitantes de la comunidad de El Pac\u00edfico celebraron el inicio de la rehabilitaci\u00f3n de un puente vehicular que durante meses permaneci\u00f3 inhabilitado tras sufrir un socav\u00f3n, representando un riesgo tanto para peatones como para automovilistas. Durante el arranque de la obra, la alcaldesa Viridiana P\u00e9rez [&hellip;]<\/p>\n","protected":false},"author":2,"featured_media":19070,"comment_status":"open","ping_status":"open","sticky":false,"template":"","format":"standard","meta":{"pagelayer_contact_templates":[],"_pagelayer_content":"","footnotes":""},"categories":[50,44],"tags":[],"class_list":{"0":"post-19092","1":"post","2":"type-post","3":"status-publish","4":"format-standard","5":"has-post-thumbnail","7":"category-destacadas","8":"category-estatal"},"_links":{"self":[{"href":"https:\/\/www.diarioholaveracruz.com.mx\/sitio\/wp-json\/wp\/v2\/posts\/19092","targetHints":{"allow":["GET"]}}],"collection":[{"href":"https:\/\/www.diarioholaveracruz.com.mx\/sitio\/wp-json\/wp\/v2\/posts"}],"about":[{"href":"https:\/\/www.diarioholaveracruz.com.mx\/sitio\/wp-json\/wp\/v2\/types\/post"}],"author":[{"embeddable":true,"href":"https:\/\/www.diarioholaveracruz.com.mx\/sitio\/wp-json\/wp\/v2\/users\/2"}],"replies":[{"embeddable":true,"href":"https:\/\/www.diarioholaveracruz.com.mx\/sitio\/wp-json\/wp\/v2\/comments?post=19092"}],"version-history":[{"count":1,"href":"https:\/\/www.diarioholaveracruz.com.mx\/sitio\/wp-json\/wp\/v2\/posts\/19092\/revisions"}],"predecessor-version":[{"id":19108,"href":"https:\/\/www.diarioholaveracruz.com.mx\/sitio\/wp-json\/wp\/v2\/posts\/19092\/revisions\/19108"}],"wp:featuredmedia":[{"embeddable":true,"href":"https:\/\/www.diarioholaveracruz.com.mx\/sitio\/wp-json\/wp\/v2\/media\/19070"}],"wp:attachment":[{"href":"https:\/\/www.diarioholaveracruz.com.mx\/sitio\/wp-json\/wp\/v2\/media?parent=19092"}],"wp:term":[{"taxonomy":"category","embeddable":true,"href":"https:\/\/www.diarioholaveracruz.com.mx\/sitio\/wp-json\/wp\/v2\/categories?post=19092"},{"taxonomy":"post_tag","embeddable":true,"href":"https:\/\/www.diarioholaveracruz.com.mx\/sitio\/wp-json\/wp\/v2\/tags?post=19092"}],"curies":[{"name":"wp","href":"https:\/\/api.w.org\/{rel}","templated":true}]}}