{"id":19193,"date":"2026-04-23T20:04:59","date_gmt":"2026-04-24T02:04:59","guid":{"rendered":"https:\/\/www.diarioholaveracruz.com.mx\/sitio\/?p=19193"},"modified":"2026-04-23T20:04:59","modified_gmt":"2026-04-24T02:04:59","slug":"conmemoran-el-dia-del-policia-veracruzano-y-reconocen-a-elementos-con-ascensos-en-tuxpan","status":"publish","type":"post","link":"https:\/\/www.diarioholaveracruz.com.mx\/sitio\/conmemoran-el-dia-del-policia-veracruzano-y-reconocen-a-elementos-con-ascensos-en-tuxpan\/","title":{"rendered":"Conmemoran el D\u00eda del Polic\u00eda Veracruzano y reconocen a elementos con ascensos en Tuxpan"},"content":{"rendered":"<p>En el marco del D\u00eda del Polic\u00eda Veracruzano, el regidor cuarto, Ren\u00e9 Cruz Cort\u00e9s, comisionado en Polic\u00eda y Tr\u00e1nsito Municipal, particip\u00f3 en la ceremonia conmemorativa donde se destac\u00f3 la labor de los cuerpos de seguridad y se realiz\u00f3 el ascenso de 22 elementos.<\/p>\n<p>Durante el evento, el alcalde Daniel Cortina encabez\u00f3 la entrega de una patrulla, acci\u00f3n que busca fortalecer las tareas de vigilancia y reforzar la seguridad en el municipio.<\/p>\n<p>En su mensaje, el regidor reconoci\u00f3 el compromiso, la disciplina y la vocaci\u00f3n de servicio de las y los polic\u00edas, quienes diariamente trabajan por la tranquilidad de la ciudadan\u00eda.<\/p>\n<p>Asimismo, felicit\u00f3 a los elementos que recibieron su ascenso, destacando que este reconocimiento es resultado de su esfuerzo, dedicaci\u00f3n y desempe\u00f1o dentro de la corporaci\u00f3n.<\/p>\n<p>Finalmente, reiter\u00f3 que continuar\u00e1 impulsando acciones desde la administraci\u00f3n municipal para fortalecer a las instituciones de seguridad y contribuir al bienestar de las familias tuxpe\u00f1as.<div id='gallery-1' class='gallery galleryid-19193 gallery-columns-3 gallery-size-large'><figure class='gallery-item'>\n\t\t\t<div class='gallery-icon landscape'>\n\t\t\t\t<a href='https:\/\/www.diarioholaveracruz.com.mx\/sitio\/img-20260423-wa0082\/'><img loading=\"lazy\" loading=\"lazy\" decoding=\"async\" width=\"1024\" height=\"768\" src=\"https:\/\/www.diarioholaveracruz.com.mx\/sitio\/wp-content\/uploads\/2026\/04\/IMG-20260423-WA0082-1024x768.jpg\" class=\"attachment-large size-large\" alt=\"\" \/><\/a>\n\t\t\t<\/div><\/figure><figure class='gallery-item'>\n\t\t\t<div class='gallery-icon landscape'>\n\t\t\t\t<a href='https:\/\/www.diarioholaveracruz.com.mx\/sitio\/img-20260423-wa0081\/'><img loading=\"lazy\" loading=\"lazy\" decoding=\"async\" width=\"1024\" height=\"768\" src=\"https:\/\/www.diarioholaveracruz.com.mx\/sitio\/wp-content\/uploads\/2026\/04\/IMG-20260423-WA0081-1024x768.jpg\" class=\"attachment-large size-large\" alt=\"\" \/><\/a>\n\t\t\t<\/div><\/figure><figure class='gallery-item'>\n\t\t\t<div class='gallery-icon landscape'>\n\t\t\t\t<a href='https:\/\/www.diarioholaveracruz.com.mx\/sitio\/img-20260423-wa0083\/'><img loading=\"lazy\" loading=\"lazy\" decoding=\"async\" width=\"1024\" height=\"768\" src=\"https:\/\/www.diarioholaveracruz.com.mx\/sitio\/wp-content\/uploads\/2026\/04\/IMG-20260423-WA0083-1024x768.jpg\" class=\"attachment-large size-large\" alt=\"\" \/><\/a>\n\t\t\t<\/div><\/figure><figure class='gallery-item'>\n\t\t\t<div class='gallery-icon landscape'>\n\t\t\t\t<a href='https:\/\/www.diarioholaveracruz.com.mx\/sitio\/img-20260423-wa0084\/'><img loading=\"lazy\" loading=\"lazy\" decoding=\"async\" width=\"1024\" height=\"742\" src=\"https:\/\/www.diarioholaveracruz.com.mx\/sitio\/wp-content\/uploads\/2026\/04\/IMG-20260423-WA0084-1024x742.jpg\" class=\"attachment-large size-large\" alt=\"\" \/><\/a>\n\t\t\t<\/div><\/figure>\n\t\t<\/div>\n<\/p>\n","protected":false},"excerpt":{"rendered":"<p>En el marco del D\u00eda del Polic\u00eda Veracruzano, el regidor cuarto, Ren\u00e9 Cruz Cort\u00e9s, comisionado en Polic\u00eda y Tr\u00e1nsito Municipal, particip\u00f3 en la ceremonia conmemorativa donde se destac\u00f3 la labor de los cuerpos de seguridad y se realiz\u00f3 el ascenso de 22 elementos. Durante el evento, el alcalde Daniel Cortina encabez\u00f3 la entrega de una [&hellip;]<\/p>\n","protected":false},"author":2,"featured_media":19191,"comment_status":"open","ping_status":"open","sticky":false,"template":"","format":"standard","meta":{"pagelayer_contact_templates":[],"_pagelayer_content":"","footnotes":""},"categories":[43,46],"tags":[],"class_list":{"0":"post-19193","1":"post","2":"type-post","3":"status-publish","4":"format-standard","5":"has-post-thumbnail","7":"category-notas_locales","8":"category-tuxpan"},"_links":{"self":[{"href":"https:\/\/www.diarioholaveracruz.com.mx\/sitio\/wp-json\/wp\/v2\/posts\/19193","targetHints":{"allow":["GET"]}}],"collection":[{"href":"https:\/\/www.diarioholaveracruz.com.mx\/sitio\/wp-json\/wp\/v2\/posts"}],"about":[{"href":"https:\/\/www.diarioholaveracruz.com.mx\/sitio\/wp-json\/wp\/v2\/types\/post"}],"author":[{"embeddable":true,"href":"https:\/\/www.diarioholaveracruz.com.mx\/sitio\/wp-json\/wp\/v2\/users\/2"}],"replies":[{"embeddable":true,"href":"https:\/\/www.diarioholaveracruz.com.mx\/sitio\/wp-json\/wp\/v2\/comments?post=19193"}],"version-history":[{"count":1,"href":"https:\/\/www.diarioholaveracruz.com.mx\/sitio\/wp-json\/wp\/v2\/posts\/19193\/revisions"}],"predecessor-version":[{"id":19199,"href":"https:\/\/www.diarioholaveracruz.com.mx\/sitio\/wp-json\/wp\/v2\/posts\/19193\/revisions\/19199"}],"wp:featuredmedia":[{"embeddable":true,"href":"https:\/\/www.diarioholaveracruz.com.mx\/sitio\/wp-json\/wp\/v2\/media\/19191"}],"wp:attachment":[{"href":"https:\/\/www.diarioholaveracruz.com.mx\/sitio\/wp-json\/wp\/v2\/media?parent=19193"}],"wp:term":[{"taxonomy":"category","embeddable":true,"href":"https:\/\/www.diarioholaveracruz.com.mx\/sitio\/wp-json\/wp\/v2\/categories?post=19193"},{"taxonomy":"post_tag","embeddable":true,"href":"https:\/\/www.diarioholaveracruz.com.mx\/sitio\/wp-json\/wp\/v2\/tags?post=19193"}],"curies":[{"name":"wp","href":"https:\/\/api.w.org\/{rel}","templated":true}]}}