{"id":19360,"date":"2026-04-26T12:17:08","date_gmt":"2026-04-26T18:17:08","guid":{"rendered":"https:\/\/www.diarioholaveracruz.com.mx\/sitio\/?p=19360"},"modified":"2026-04-26T12:17:08","modified_gmt":"2026-04-26T18:17:08","slug":"dif-castillo-de-teayo-convoca-a-talleres-para-el-desarrollo-de-habilidades","status":"publish","type":"post","link":"https:\/\/www.diarioholaveracruz.com.mx\/sitio\/dif-castillo-de-teayo-convoca-a-talleres-para-el-desarrollo-de-habilidades\/","title":{"rendered":"DIF CASTILLO DE TEAYO CONVOCA A TALLERES PARA EL DESARROLLO DE HABILIDADES"},"content":{"rendered":"<p>\u2013 Impulsan espacios de aprendizaje y expresi\u00f3n art\u00edstica para ni\u00f1as, ni\u00f1os y j\u00f3venes del municipio.<\/p>\n<p>Castillo de Teayo, Ver.\u2013 Con el prop\u00f3sito de fomentar el desarrollo de habilidades y talentos en la poblaci\u00f3n, el Sistema DIF Municipal de Castillo de Teayo lanz\u00f3 la convocatoria para integrarse a los talleres formativos que se estar\u00e1n impartiendo en sus instalaciones.<\/p>\n<p>La Presidenta del DIF Municipal, la C. Anel Ericka Montes Garc\u00eda, inform\u00f3 que esta oferta est\u00e1 dirigida a ni\u00f1as, ni\u00f1os y j\u00f3venes del municipio, brindando espacios adecuados para el aprendizaje y la expresi\u00f3n art\u00edstica.<\/p>\n<p>Entre las opciones disponibles se encuentra el Taller de M\u00fasica, dirigido a personas mayores de 8 a\u00f1os, teniendo como requisito indispensable que cada participante cuente con su propia guitarra. Asimismo, se ofrece el Taller de Danza Infantil, enfocado a menores de hasta 15 a\u00f1os de edad, promoviendo la actividad f\u00edsica y el desarrollo cultural.<\/p>\n<p>Las inscripciones se realizan directamente en las instalaciones del DIF Municipal, en un horario de 8:30 de la ma\u00f1ana a 3:00 de la tarde, donde se recibe la documentaci\u00f3n correspondiente.<\/p>\n<p>Con estas acciones, el DIF Municipal de Castillo de Teayo fortalece su compromiso de generar oportunidades de formaci\u00f3n y crecimiento para la poblaci\u00f3n, contribuyendo al desarrollo integral de las nuevas generaciones.<div id='gallery-1' class='gallery galleryid-19360 gallery-columns-3 gallery-size-large'><figure class='gallery-item'>\n\t\t\t<div class='gallery-icon landscape'>\n\t\t\t\t<a href='https:\/\/www.diarioholaveracruz.com.mx\/sitio\/img-20260426-wa0031\/'><img loading=\"lazy\" loading=\"lazy\" decoding=\"async\" width=\"1024\" height=\"1024\" src=\"https:\/\/www.diarioholaveracruz.com.mx\/sitio\/wp-content\/uploads\/2026\/04\/IMG-20260426-WA0031-1024x1024.jpg\" class=\"attachment-large size-large\" alt=\"\" \/><\/a>\n\t\t\t<\/div><\/figure><figure class='gallery-item'>\n\t\t\t<div class='gallery-icon landscape'>\n\t\t\t\t<a href='https:\/\/www.diarioholaveracruz.com.mx\/sitio\/img-20260426-wa0032\/'><img loading=\"lazy\" loading=\"lazy\" decoding=\"async\" width=\"1024\" height=\"1024\" src=\"https:\/\/www.diarioholaveracruz.com.mx\/sitio\/wp-content\/uploads\/2026\/04\/IMG-20260426-WA0032-1024x1024.jpg\" class=\"attachment-large size-large\" alt=\"\" \/><\/a>\n\t\t\t<\/div><\/figure>\n\t\t<\/div>\n<\/p>\n","protected":false},"excerpt":{"rendered":"<p>\u2013 Impulsan espacios de aprendizaje y expresi\u00f3n art\u00edstica para ni\u00f1as, ni\u00f1os y j\u00f3venes del municipio. Castillo de Teayo, Ver.\u2013 Con el prop\u00f3sito de fomentar el desarrollo de habilidades y talentos en la poblaci\u00f3n, el Sistema DIF Municipal de Castillo de Teayo lanz\u00f3 la convocatoria para integrarse a los talleres formativos que se estar\u00e1n impartiendo en [&hellip;]<\/p>\n","protected":false},"author":2,"featured_media":19393,"comment_status":"open","ping_status":"open","sticky":false,"template":"","format":"standard","meta":{"pagelayer_contact_templates":[],"_pagelayer_content":"","footnotes":""},"categories":[50,44],"tags":[],"class_list":{"0":"post-19360","1":"post","2":"type-post","3":"status-publish","4":"format-standard","5":"has-post-thumbnail","7":"category-destacadas","8":"category-estatal"},"_links":{"self":[{"href":"https:\/\/www.diarioholaveracruz.com.mx\/sitio\/wp-json\/wp\/v2\/posts\/19360","targetHints":{"allow":["GET"]}}],"collection":[{"href":"https:\/\/www.diarioholaveracruz.com.mx\/sitio\/wp-json\/wp\/v2\/posts"}],"about":[{"href":"https:\/\/www.diarioholaveracruz.com.mx\/sitio\/wp-json\/wp\/v2\/types\/post"}],"author":[{"embeddable":true,"href":"https:\/\/www.diarioholaveracruz.com.mx\/sitio\/wp-json\/wp\/v2\/users\/2"}],"replies":[{"embeddable":true,"href":"https:\/\/www.diarioholaveracruz.com.mx\/sitio\/wp-json\/wp\/v2\/comments?post=19360"}],"version-history":[{"count":1,"href":"https:\/\/www.diarioholaveracruz.com.mx\/sitio\/wp-json\/wp\/v2\/posts\/19360\/revisions"}],"predecessor-version":[{"id":19432,"href":"https:\/\/www.diarioholaveracruz.com.mx\/sitio\/wp-json\/wp\/v2\/posts\/19360\/revisions\/19432"}],"wp:featuredmedia":[{"embeddable":true,"href":"https:\/\/www.diarioholaveracruz.com.mx\/sitio\/wp-json\/wp\/v2\/media\/19393"}],"wp:attachment":[{"href":"https:\/\/www.diarioholaveracruz.com.mx\/sitio\/wp-json\/wp\/v2\/media?parent=19360"}],"wp:term":[{"taxonomy":"category","embeddable":true,"href":"https:\/\/www.diarioholaveracruz.com.mx\/sitio\/wp-json\/wp\/v2\/categories?post=19360"},{"taxonomy":"post_tag","embeddable":true,"href":"https:\/\/www.diarioholaveracruz.com.mx\/sitio\/wp-json\/wp\/v2\/tags?post=19360"}],"curies":[{"name":"wp","href":"https:\/\/api.w.org\/{rel}","templated":true}]}}