{"id":19435,"date":"2026-04-26T12:30:56","date_gmt":"2026-04-26T18:30:56","guid":{"rendered":"https:\/\/www.diarioholaveracruz.com.mx\/sitio\/?p=19435"},"modified":"2026-04-26T12:30:56","modified_gmt":"2026-04-26T18:30:56","slug":"arranca-importante-obra-de-rehabilitacion","status":"publish","type":"post","link":"https:\/\/www.diarioholaveracruz.com.mx\/sitio\/arranca-importante-obra-de-rehabilitacion\/","title":{"rendered":"Arranca importante obra de rehabilitaci\u00f3n"},"content":{"rendered":"<p>En el camino de Manuel Altamirano <\/p>\n<p>GUTI\u00c9RREZ ZAMORA, VER.-Continuando con el apoyo a comunidades en materia de obra p\u00fablica, el alcalde Carlos Ra\u00fal Silva Vega, se traslad\u00f3 a la localidad de Ignacio Manuel Altamirano, donde acompa\u00f1ado de su equipo de trabajo dio inicio a una obra de gran beneficio para esta comunidad. <\/p>\n<p>Durante este importante evento, se cont\u00f3 con la presencia de los integrantes del cuerpo edilicio, as\u00ed como autoridades locales donde el mandatario realiz\u00f3 el banderazo oficial para iniciar esta obra.<\/p>\n<p>Durante su intervenci\u00f3n, el alcalde se\u00f1al\u00f3 que esta obra constar\u00e1 de la rehabilitaci\u00f3n del camino rural que conecta a las comunidades de Ignacio Manuel Altamirano y Paguas de Coronado, logrando con ello un traslado m\u00e1s r\u00e1pido y seguro para la poblaci\u00f3n de esta regi\u00f3n que en poco tiempo podr\u00e1 disfrutar de un camino digno y en \u00f3ptimas condiciones.<\/p>\n<p>Al t\u00e9rmino del banderazo, el mun\u00edcipe recorri\u00f3 las calles de esta localidad junto a vecinos que le mostraron de primera mano las necesidades de la comunidad, a lo cual el mandatario reiter\u00f3 su compromiso con esta y todas las comunidades del municipio zamore\u00f1o.<div id='gallery-1' class='gallery galleryid-19435 gallery-columns-3 gallery-size-large'><figure class='gallery-item'>\n\t\t\t<div class='gallery-icon landscape'>\n\t\t\t\t<a href='https:\/\/www.diarioholaveracruz.com.mx\/sitio\/img-20260426-wa0024\/'><img loading=\"lazy\" loading=\"lazy\" decoding=\"async\" width=\"1024\" height=\"576\" src=\"https:\/\/www.diarioholaveracruz.com.mx\/sitio\/wp-content\/uploads\/2026\/04\/IMG-20260426-WA0024-1024x576.jpg\" class=\"attachment-large size-large\" alt=\"\" \/><\/a>\n\t\t\t<\/div><\/figure><figure class='gallery-item'>\n\t\t\t<div class='gallery-icon landscape'>\n\t\t\t\t<a href='https:\/\/www.diarioholaveracruz.com.mx\/sitio\/img-20260426-wa0026\/'><img loading=\"lazy\" loading=\"lazy\" decoding=\"async\" width=\"1024\" height=\"576\" src=\"https:\/\/www.diarioholaveracruz.com.mx\/sitio\/wp-content\/uploads\/2026\/04\/IMG-20260426-WA0026-1024x576.jpg\" class=\"attachment-large size-large\" alt=\"\" \/><\/a>\n\t\t\t<\/div><\/figure>\n\t\t<\/div>\n<\/p>\n","protected":false},"excerpt":{"rendered":"<p>En el camino de Manuel Altamirano GUTI\u00c9RREZ ZAMORA, VER.-Continuando con el apoyo a comunidades en materia de obra p\u00fablica, el alcalde Carlos Ra\u00fal Silva Vega, se traslad\u00f3 a la localidad de Ignacio Manuel Altamirano, donde acompa\u00f1ado de su equipo de trabajo dio inicio a una obra de gran beneficio para esta comunidad. Durante este importante [&hellip;]<\/p>\n","protected":false},"author":2,"featured_media":19401,"comment_status":"open","ping_status":"open","sticky":false,"template":"","format":"standard","meta":{"pagelayer_contact_templates":[],"_pagelayer_content":"","footnotes":""},"categories":[50,44],"tags":[],"class_list":{"0":"post-19435","1":"post","2":"type-post","3":"status-publish","4":"format-standard","5":"has-post-thumbnail","7":"category-destacadas","8":"category-estatal"},"_links":{"self":[{"href":"https:\/\/www.diarioholaveracruz.com.mx\/sitio\/wp-json\/wp\/v2\/posts\/19435","targetHints":{"allow":["GET"]}}],"collection":[{"href":"https:\/\/www.diarioholaveracruz.com.mx\/sitio\/wp-json\/wp\/v2\/posts"}],"about":[{"href":"https:\/\/www.diarioholaveracruz.com.mx\/sitio\/wp-json\/wp\/v2\/types\/post"}],"author":[{"embeddable":true,"href":"https:\/\/www.diarioholaveracruz.com.mx\/sitio\/wp-json\/wp\/v2\/users\/2"}],"replies":[{"embeddable":true,"href":"https:\/\/www.diarioholaveracruz.com.mx\/sitio\/wp-json\/wp\/v2\/comments?post=19435"}],"version-history":[{"count":1,"href":"https:\/\/www.diarioholaveracruz.com.mx\/sitio\/wp-json\/wp\/v2\/posts\/19435\/revisions"}],"predecessor-version":[{"id":19445,"href":"https:\/\/www.diarioholaveracruz.com.mx\/sitio\/wp-json\/wp\/v2\/posts\/19435\/revisions\/19445"}],"wp:featuredmedia":[{"embeddable":true,"href":"https:\/\/www.diarioholaveracruz.com.mx\/sitio\/wp-json\/wp\/v2\/media\/19401"}],"wp:attachment":[{"href":"https:\/\/www.diarioholaveracruz.com.mx\/sitio\/wp-json\/wp\/v2\/media?parent=19435"}],"wp:term":[{"taxonomy":"category","embeddable":true,"href":"https:\/\/www.diarioholaveracruz.com.mx\/sitio\/wp-json\/wp\/v2\/categories?post=19435"},{"taxonomy":"post_tag","embeddable":true,"href":"https:\/\/www.diarioholaveracruz.com.mx\/sitio\/wp-json\/wp\/v2\/tags?post=19435"}],"curies":[{"name":"wp","href":"https:\/\/api.w.org\/{rel}","templated":true}]}}