{"id":19545,"date":"2026-04-27T20:56:06","date_gmt":"2026-04-28T02:56:06","guid":{"rendered":"https:\/\/www.diarioholaveracruz.com.mx\/sitio\/?p=19545"},"modified":"2026-04-27T20:56:06","modified_gmt":"2026-04-28T02:56:06","slug":"rocio-nahle-pone-a-veracruz-de-moda-en-el-tianguis-turistico","status":"publish","type":"post","link":"https:\/\/www.diarioholaveracruz.com.mx\/sitio\/rocio-nahle-pone-a-veracruz-de-moda-en-el-tianguis-turistico\/","title":{"rendered":"Roc\u00edo Nahle pone a Veracruz de moda en el Tianguis Tur\u00edstico"},"content":{"rendered":"<p>Acapulco, Gro., lunes 27 de abril de 2026.- En el marco de la inauguraci\u00f3n de la 50 edici\u00f3n del Tianguis Tur\u00edstico de M\u00e9xico, la gobernadora Roc\u00edo Nahle Garc\u00eda particip\u00f3 en la ceremonia inaugural y en el corte de list\u00f3n encabezado por la secretaria de Turismo del Gobierno de M\u00e9xico, Josefina Rodr\u00edguez Zamora, y la gobernadora de Guerrero, Evelyn Salgado Pineda, en el Centro de Convenciones Expo Mundo Imperial.<\/p>\n<p>Posteriormente, encabez\u00f3 la inauguraci\u00f3n del stand de Veracruz, acompa\u00f1ada por funcionaria federal y por los secretarios estatales del ramo, Igor Roj\u00ed L\u00f3pez y X\u00f3chitl Molina Gonz\u00e1lez, con quienes realiz\u00f3 un recorrido por el espacio.<\/p>\n<p>Considerado entre los m\u00e1s atractivos del Tianguis, se ubica junto al del estado anfitri\u00f3n y al de Colombia, pa\u00eds invitado, e incorpora una r\u00e9plica de la pir\u00e1mide del Taj\u00edn, adem\u00e1s de la presencia de La Parroquia, \u00edcono del sabor veracruzano.<\/p>\n<p>En el stand se presentan expresiones art\u00edsticas a cargo del Ballet Folkl\u00f3rico de la Universidad Veracruzana, la agrupaci\u00f3n Zenzontle de la Secretar\u00eda de Educaci\u00f3n de Veracruz, bailarines de salsa y danzantes tradicionales de Guaguas, con interpretaciones de son jarocho y otros ritmos representativos del estado.<\/p>\n<p>El Tianguis Tur\u00edstico es uno de los eventos m\u00e1s relevantes del sector en el pa\u00eds; re\u00fane a los 32 estados y a representantes de m\u00e1s de 100 pa\u00edses, entre ellos Estados Unidos, Canad\u00e1, Colombia, Reino Unido, China y Jap\u00f3n, lo que ampl\u00eda las oportunidades de promoci\u00f3n y posicionamiento internacional.<\/p>\n<p>En este contexto, la Mandataria destac\u00f3 la participaci\u00f3n de Veracruz con una estrategia centrada en el turismo comunitario como eje de desarrollo social y econ\u00f3mico, con experiencias en la Sierra de Zongolica y en las regiones Totonaca y Huasteca, donde se impulsa la participaci\u00f3n directa de las comunidades.<\/p>\n<p>Durante estos cuatro d\u00edas, las secretar\u00edas de Turismo y Cultura promover\u00e1n la diversidad de la entidad con una agenda orientada a fortalecer su presencia en los mercados. \u201cVamos a poner a Veracruz en el lugar que se merece, y estamos avanzando en ese prop\u00f3sito\u201d, afirm\u00f3.<\/p>\n<p>&#8212;000&#8212;<br \/>\n<div id='gallery-1' class='gallery galleryid-19545 gallery-columns-3 gallery-size-thumbnail'><figure class='gallery-item'>\n\t\t\t<div class='gallery-icon landscape'>\n\t\t\t\t<a href='https:\/\/www.diarioholaveracruz.com.mx\/sitio\/rocio-nahle-pone-a-veracruz-de-moda-en-el-tianguis-turistico\/img-20260427-wa0075\/'><img loading=\"lazy\" loading=\"lazy\" decoding=\"async\" width=\"150\" height=\"150\" src=\"https:\/\/www.diarioholaveracruz.com.mx\/sitio\/wp-content\/uploads\/2026\/04\/IMG-20260427-WA0075-150x150.jpg\" class=\"attachment-thumbnail size-thumbnail\" alt=\"\" \/><\/a>\n\t\t\t<\/div><\/figure><figure class='gallery-item'>\n\t\t\t<div class='gallery-icon landscape'>\n\t\t\t\t<a href='https:\/\/www.diarioholaveracruz.com.mx\/sitio\/rocio-nahle-pone-a-veracruz-de-moda-en-el-tianguis-turistico\/img-20260427-wa0076\/'><img loading=\"lazy\" loading=\"lazy\" decoding=\"async\" width=\"150\" height=\"150\" src=\"https:\/\/www.diarioholaveracruz.com.mx\/sitio\/wp-content\/uploads\/2026\/04\/IMG-20260427-WA0076-150x150.jpg\" class=\"attachment-thumbnail size-thumbnail\" alt=\"\" \/><\/a>\n\t\t\t<\/div><\/figure><figure class='gallery-item'>\n\t\t\t<div class='gallery-icon landscape'>\n\t\t\t\t<a href='https:\/\/www.diarioholaveracruz.com.mx\/sitio\/rocio-nahle-pone-a-veracruz-de-moda-en-el-tianguis-turistico\/img-20260427-wa0073\/'><img loading=\"lazy\" loading=\"lazy\" decoding=\"async\" width=\"150\" height=\"150\" src=\"https:\/\/www.diarioholaveracruz.com.mx\/sitio\/wp-content\/uploads\/2026\/04\/IMG-20260427-WA0073-150x150.jpg\" class=\"attachment-thumbnail size-thumbnail\" alt=\"\" \/><\/a>\n\t\t\t<\/div><\/figure><figure class='gallery-item'>\n\t\t\t<div class='gallery-icon landscape'>\n\t\t\t\t<a href='https:\/\/www.diarioholaveracruz.com.mx\/sitio\/rocio-nahle-pone-a-veracruz-de-moda-en-el-tianguis-turistico\/img-20260427-wa0074\/'><img loading=\"lazy\" loading=\"lazy\" decoding=\"async\" width=\"150\" height=\"150\" src=\"https:\/\/www.diarioholaveracruz.com.mx\/sitio\/wp-content\/uploads\/2026\/04\/IMG-20260427-WA0074-150x150.jpg\" class=\"attachment-thumbnail size-thumbnail\" alt=\"\" \/><\/a>\n\t\t\t<\/div><\/figure>\n\t\t<\/div>\n<\/p>\n","protected":false},"excerpt":{"rendered":"<p>Acapulco, Gro., lunes 27 de abril de 2026.- En el marco de la inauguraci\u00f3n de la 50 edici\u00f3n del Tianguis Tur\u00edstico de M\u00e9xico, la gobernadora Roc\u00edo Nahle Garc\u00eda particip\u00f3 en la ceremonia inaugural y en el corte de list\u00f3n encabezado por la secretaria de Turismo del Gobierno de M\u00e9xico, Josefina Rodr\u00edguez Zamora, y la gobernadora [&hellip;]<\/p>\n","protected":false},"author":2,"featured_media":19548,"comment_status":"open","ping_status":"open","sticky":false,"template":"","format":"standard","meta":{"pagelayer_contact_templates":[],"_pagelayer_content":"","footnotes":""},"categories":[50,44],"tags":[],"class_list":{"0":"post-19545","1":"post","2":"type-post","3":"status-publish","4":"format-standard","5":"has-post-thumbnail","7":"category-destacadas","8":"category-estatal"},"_links":{"self":[{"href":"https:\/\/www.diarioholaveracruz.com.mx\/sitio\/wp-json\/wp\/v2\/posts\/19545","targetHints":{"allow":["GET"]}}],"collection":[{"href":"https:\/\/www.diarioholaveracruz.com.mx\/sitio\/wp-json\/wp\/v2\/posts"}],"about":[{"href":"https:\/\/www.diarioholaveracruz.com.mx\/sitio\/wp-json\/wp\/v2\/types\/post"}],"author":[{"embeddable":true,"href":"https:\/\/www.diarioholaveracruz.com.mx\/sitio\/wp-json\/wp\/v2\/users\/2"}],"replies":[{"embeddable":true,"href":"https:\/\/www.diarioholaveracruz.com.mx\/sitio\/wp-json\/wp\/v2\/comments?post=19545"}],"version-history":[{"count":1,"href":"https:\/\/www.diarioholaveracruz.com.mx\/sitio\/wp-json\/wp\/v2\/posts\/19545\/revisions"}],"predecessor-version":[{"id":19552,"href":"https:\/\/www.diarioholaveracruz.com.mx\/sitio\/wp-json\/wp\/v2\/posts\/19545\/revisions\/19552"}],"wp:featuredmedia":[{"embeddable":true,"href":"https:\/\/www.diarioholaveracruz.com.mx\/sitio\/wp-json\/wp\/v2\/media\/19548"}],"wp:attachment":[{"href":"https:\/\/www.diarioholaveracruz.com.mx\/sitio\/wp-json\/wp\/v2\/media?parent=19545"}],"wp:term":[{"taxonomy":"category","embeddable":true,"href":"https:\/\/www.diarioholaveracruz.com.mx\/sitio\/wp-json\/wp\/v2\/categories?post=19545"},{"taxonomy":"post_tag","embeddable":true,"href":"https:\/\/www.diarioholaveracruz.com.mx\/sitio\/wp-json\/wp\/v2\/tags?post=19545"}],"curies":[{"name":"wp","href":"https:\/\/api.w.org\/{rel}","templated":true}]}}