{"id":19557,"date":"2026-04-27T22:43:47","date_gmt":"2026-04-28T04:43:47","guid":{"rendered":"https:\/\/www.diarioholaveracruz.com.mx\/sitio\/?p=19557"},"modified":"2026-04-27T22:43:47","modified_gmt":"2026-04-28T04:43:47","slug":"crea-sev-siete-centros-de-capacitacion-para-fortalecer-educacion-indigena","status":"publish","type":"post","link":"https:\/\/www.diarioholaveracruz.com.mx\/sitio\/crea-sev-siete-centros-de-capacitacion-para-fortalecer-educacion-indigena\/","title":{"rendered":"Crea SEV siete centros de capacitaci\u00f3n para fortalecer educaci\u00f3n ind\u00edgena"},"content":{"rendered":"<p>>Prioriza calidad formativa y equidad laboral docente.<\/p>\n<p>Xalapa, Ver., lunes 27 de abril de 2026.- La Secretar\u00eda de Educaci\u00f3n de Veracruz (SEV) implementa acciones de regularizaci\u00f3n en el sistema de educaci\u00f3n ind\u00edgena, entre ellas la creaci\u00f3n de siete Centros de Capacitaci\u00f3n y Actualizaci\u00f3n de la Lengua Ind\u00edgena, con el prop\u00f3sito de garantizar que el personal docente acredite el dominio de la lengua correspondiente a la comunidad donde labora.<\/p>\n<p>En estos espacios, el magisterio deber\u00e1 certificarse en lengua ind\u00edgena y cumplir con los procesos de evaluaci\u00f3n establecidos por la Unidad del Sistema para la Carrera de las Maestras y los Maestros, lo que permitir\u00e1 fortalecer la calidad del proceso de ense\u00f1anza-aprendizaje.<\/p>\n<p>La estrategia incluye la promoci\u00f3n de actividades comunitarias en regiones ind\u00edgenas, orientadas a impulsar el uso y preservaci\u00f3n de las lenguas originarias entre ni\u00f1as, ni\u00f1os, adolescentes y j\u00f3venes, favoreciendo su permanencia.<\/p>\n<p>Como parte de este proceso, se establece la asignaci\u00f3n de docentes conforme a su dominio ling\u00fc\u00edstico, con lo que se evita la ubicaci\u00f3n de personal en comunidades cuya lengua no domina; adem\u00e1s, en lo que va de la administraci\u00f3n se han asignado 358 plazas definitivas en educaci\u00f3n ind\u00edgena.<\/p>\n<p>En el marco del Lunes C\u00edvico, la titular de la SEV, Claudia Tello Espinosa, record\u00f3 que el personal de educaci\u00f3n ind\u00edgena se rige por el calendario escolar de la Secretar\u00eda de Educaci\u00f3n P\u00fablica, as\u00ed como por una jornada laboral, a fin de garantizar el derecho a la educaci\u00f3n y evitar rezagos en el aprendizaje.<\/p>\n<p>&#8212;000&#8212;<\/p>\n<div id='gallery-1' class='gallery galleryid-19557 gallery-columns-3 gallery-size-large'><figure class='gallery-item'>\n\t\t\t<div class='gallery-icon landscape'>\n\t\t\t\t<a href='https:\/\/www.diarioholaveracruz.com.mx\/sitio\/img-20260427-wa0085\/'><img loading=\"lazy\" loading=\"lazy\" decoding=\"async\" width=\"1024\" height=\"682\" src=\"https:\/\/www.diarioholaveracruz.com.mx\/sitio\/wp-content\/uploads\/2026\/04\/IMG-20260427-WA0085-1024x682.jpg\" class=\"attachment-large size-large\" alt=\"\" \/><\/a>\n\t\t\t<\/div><\/figure><figure class='gallery-item'>\n\t\t\t<div class='gallery-icon landscape'>\n\t\t\t\t<a href='https:\/\/www.diarioholaveracruz.com.mx\/sitio\/img-20260427-wa0086\/'><img loading=\"lazy\" loading=\"lazy\" decoding=\"async\" width=\"1024\" height=\"682\" src=\"https:\/\/www.diarioholaveracruz.com.mx\/sitio\/wp-content\/uploads\/2026\/04\/IMG-20260427-WA0086-1024x682.jpg\" class=\"attachment-large size-large\" alt=\"\" \/><\/a>\n\t\t\t<\/div><\/figure><figure class='gallery-item'>\n\t\t\t<div class='gallery-icon landscape'>\n\t\t\t\t<a href='https:\/\/www.diarioholaveracruz.com.mx\/sitio\/img-20260427-wa0087\/'><img loading=\"lazy\" loading=\"lazy\" decoding=\"async\" width=\"1024\" height=\"682\" src=\"https:\/\/www.diarioholaveracruz.com.mx\/sitio\/wp-content\/uploads\/2026\/04\/IMG-20260427-WA0087-1024x682.jpg\" class=\"attachment-large size-large\" alt=\"\" \/><\/a>\n\t\t\t<\/div><\/figure><figure class='gallery-item'>\n\t\t\t<div class='gallery-icon landscape'>\n\t\t\t\t<a href='https:\/\/www.diarioholaveracruz.com.mx\/sitio\/img-20260427-wa0088\/'><img loading=\"lazy\" loading=\"lazy\" decoding=\"async\" width=\"1024\" height=\"682\" src=\"https:\/\/www.diarioholaveracruz.com.mx\/sitio\/wp-content\/uploads\/2026\/04\/IMG-20260427-WA0088-1024x682.jpg\" class=\"attachment-large size-large\" alt=\"\" \/><\/a>\n\t\t\t<\/div><\/figure>\n\t\t<\/div>\n\n","protected":false},"excerpt":{"rendered":"<p>>Prioriza calidad formativa y equidad laboral docente. Xalapa, Ver., lunes 27 de abril de 2026.- La Secretar\u00eda de Educaci\u00f3n de Veracruz (SEV) implementa acciones de regularizaci\u00f3n en el sistema de educaci\u00f3n ind\u00edgena, entre ellas la creaci\u00f3n de siete Centros de Capacitaci\u00f3n y Actualizaci\u00f3n de la Lengua Ind\u00edgena, con el prop\u00f3sito de garantizar que el personal [&hellip;]<\/p>\n","protected":false},"author":2,"featured_media":19608,"comment_status":"open","ping_status":"open","sticky":false,"template":"","format":"standard","meta":{"pagelayer_contact_templates":[],"_pagelayer_content":"","footnotes":""},"categories":[50,44],"tags":[],"class_list":{"0":"post-19557","1":"post","2":"type-post","3":"status-publish","4":"format-standard","5":"has-post-thumbnail","7":"category-destacadas","8":"category-estatal"},"_links":{"self":[{"href":"https:\/\/www.diarioholaveracruz.com.mx\/sitio\/wp-json\/wp\/v2\/posts\/19557","targetHints":{"allow":["GET"]}}],"collection":[{"href":"https:\/\/www.diarioholaveracruz.com.mx\/sitio\/wp-json\/wp\/v2\/posts"}],"about":[{"href":"https:\/\/www.diarioholaveracruz.com.mx\/sitio\/wp-json\/wp\/v2\/types\/post"}],"author":[{"embeddable":true,"href":"https:\/\/www.diarioholaveracruz.com.mx\/sitio\/wp-json\/wp\/v2\/users\/2"}],"replies":[{"embeddable":true,"href":"https:\/\/www.diarioholaveracruz.com.mx\/sitio\/wp-json\/wp\/v2\/comments?post=19557"}],"version-history":[{"count":1,"href":"https:\/\/www.diarioholaveracruz.com.mx\/sitio\/wp-json\/wp\/v2\/posts\/19557\/revisions"}],"predecessor-version":[{"id":19617,"href":"https:\/\/www.diarioholaveracruz.com.mx\/sitio\/wp-json\/wp\/v2\/posts\/19557\/revisions\/19617"}],"wp:featuredmedia":[{"embeddable":true,"href":"https:\/\/www.diarioholaveracruz.com.mx\/sitio\/wp-json\/wp\/v2\/media\/19608"}],"wp:attachment":[{"href":"https:\/\/www.diarioholaveracruz.com.mx\/sitio\/wp-json\/wp\/v2\/media?parent=19557"}],"wp:term":[{"taxonomy":"category","embeddable":true,"href":"https:\/\/www.diarioholaveracruz.com.mx\/sitio\/wp-json\/wp\/v2\/categories?post=19557"},{"taxonomy":"post_tag","embeddable":true,"href":"https:\/\/www.diarioholaveracruz.com.mx\/sitio\/wp-json\/wp\/v2\/tags?post=19557"}],"curies":[{"name":"wp","href":"https:\/\/api.w.org\/{rel}","templated":true}]}}