{"id":19559,"date":"2026-04-27T22:45:04","date_gmt":"2026-04-28T04:45:04","guid":{"rendered":"https:\/\/www.diarioholaveracruz.com.mx\/sitio\/?p=19559"},"modified":"2026-04-27T22:45:04","modified_gmt":"2026-04-28T04:45:04","slug":"aveli-impulsa-ensenanza-de-lenguas-indigenas-con-22-cursos-en-veracruz","status":"publish","type":"post","link":"https:\/\/www.diarioholaveracruz.com.mx\/sitio\/aveli-impulsa-ensenanza-de-lenguas-indigenas-con-22-cursos-en-veracruz\/","title":{"rendered":"AVELI impulsa ense\u00f1anza de lenguas ind\u00edgenas con 22 cursos en Veracruz"},"content":{"rendered":"<p>Xalapa, Ver., lunes 27 de abril de 2026.- Para preservar y fortalecer el uso de las lenguas originarias en Veracruz, la Academia Veracruzana de las Lenguas Ind\u00edgenas (AVELI) desarrolla 22 cursos durante el primer trimestre del a\u00f1o, dirigidos tanto a personas interesadas en aprender como a hablantes nativos que buscan reforzar sus habilidades ling\u00fc\u00edsticas.<\/p>\n<p>Los cursos se imparten en dos modalidades: aprendizaje de la lengua y alfabetizaci\u00f3n en lengua ind\u00edgena. En la primera, se han concluido dos cursos y once contin\u00faan en proceso, con una participaci\u00f3n de 458 personas; en la segunda, se finaliz\u00f3 un curso y ocho m\u00e1s siguen en desarrollo, con 177 asistentes.<\/p>\n<p>Estas acciones ofrecen un acercamiento introductorio a las lenguas y culturas ind\u00edgenas veracruzanas, al tiempo que fortalecen los procesos de lectura y escritura entre hablantes nativos, mediante espacios de aprendizaje colectivo que favorecen su desarrollo.<\/p>\n<p>El programa cuenta con el respaldo del Gobierno del Estado, que reconoce la importancia de promover la educaci\u00f3n biling\u00fce y la comunicaci\u00f3n intercultural como parte del fortalecimiento y preservaci\u00f3n de la diversidad ling\u00fc\u00edstica en Veracruz.<\/p>\n<p>&#8212;000&#8212;<div id='gallery-1' class='gallery galleryid-19559 gallery-columns-3 gallery-size-large'><figure class='gallery-item'>\n\t\t\t<div class='gallery-icon landscape'>\n\t\t\t\t<a href='https:\/\/www.diarioholaveracruz.com.mx\/sitio\/img-20260427-wa0089\/'><img loading=\"lazy\" loading=\"lazy\" decoding=\"async\" width=\"1024\" height=\"768\" src=\"https:\/\/www.diarioholaveracruz.com.mx\/sitio\/wp-content\/uploads\/2026\/04\/IMG-20260427-WA0089-1024x768.jpg\" class=\"attachment-large size-large\" alt=\"\" \/><\/a>\n\t\t\t<\/div><\/figure><figure class='gallery-item'>\n\t\t\t<div class='gallery-icon landscape'>\n\t\t\t\t<a href='https:\/\/www.diarioholaveracruz.com.mx\/sitio\/img-20260427-wa0080\/'><img loading=\"lazy\" loading=\"lazy\" decoding=\"async\" width=\"1024\" height=\"576\" src=\"https:\/\/www.diarioholaveracruz.com.mx\/sitio\/wp-content\/uploads\/2026\/04\/IMG-20260427-WA0080-1024x576.jpg\" class=\"attachment-large size-large\" alt=\"\" \/><\/a>\n\t\t\t<\/div><\/figure><figure class='gallery-item'>\n\t\t\t<div class='gallery-icon landscape'>\n\t\t\t\t<a href='https:\/\/www.diarioholaveracruz.com.mx\/sitio\/img-20260427-wa0090\/'><img loading=\"lazy\" loading=\"lazy\" decoding=\"async\" width=\"1024\" height=\"768\" src=\"https:\/\/www.diarioholaveracruz.com.mx\/sitio\/wp-content\/uploads\/2026\/04\/IMG-20260427-WA0090-1024x768.jpg\" class=\"attachment-large size-large\" alt=\"\" \/><\/a>\n\t\t\t<\/div><\/figure><figure class='gallery-item'>\n\t\t\t<div class='gallery-icon landscape'>\n\t\t\t\t<a href='https:\/\/www.diarioholaveracruz.com.mx\/sitio\/img-20260427-wa0091\/'><img loading=\"lazy\" loading=\"lazy\" decoding=\"async\" width=\"1024\" height=\"576\" src=\"https:\/\/www.diarioholaveracruz.com.mx\/sitio\/wp-content\/uploads\/2026\/04\/IMG-20260427-WA0091-1024x576.jpg\" class=\"attachment-large size-large\" alt=\"\" \/><\/a>\n\t\t\t<\/div><\/figure>\n\t\t<\/div>\n<\/p>\n","protected":false},"excerpt":{"rendered":"<p>Xalapa, Ver., lunes 27 de abril de 2026.- Para preservar y fortalecer el uso de las lenguas originarias en Veracruz, la Academia Veracruzana de las Lenguas Ind\u00edgenas (AVELI) desarrolla 22 cursos durante el primer trimestre del a\u00f1o, dirigidos tanto a personas interesadas en aprender como a hablantes nativos que buscan reforzar sus habilidades ling\u00fc\u00edsticas. Los [&hellip;]<\/p>\n","protected":false},"author":2,"featured_media":19613,"comment_status":"open","ping_status":"open","sticky":false,"template":"","format":"standard","meta":{"pagelayer_contact_templates":[],"_pagelayer_content":"","footnotes":""},"categories":[50,44],"tags":[],"class_list":{"0":"post-19559","1":"post","2":"type-post","3":"status-publish","4":"format-standard","5":"has-post-thumbnail","7":"category-destacadas","8":"category-estatal"},"_links":{"self":[{"href":"https:\/\/www.diarioholaveracruz.com.mx\/sitio\/wp-json\/wp\/v2\/posts\/19559","targetHints":{"allow":["GET"]}}],"collection":[{"href":"https:\/\/www.diarioholaveracruz.com.mx\/sitio\/wp-json\/wp\/v2\/posts"}],"about":[{"href":"https:\/\/www.diarioholaveracruz.com.mx\/sitio\/wp-json\/wp\/v2\/types\/post"}],"author":[{"embeddable":true,"href":"https:\/\/www.diarioholaveracruz.com.mx\/sitio\/wp-json\/wp\/v2\/users\/2"}],"replies":[{"embeddable":true,"href":"https:\/\/www.diarioholaveracruz.com.mx\/sitio\/wp-json\/wp\/v2\/comments?post=19559"}],"version-history":[{"count":1,"href":"https:\/\/www.diarioholaveracruz.com.mx\/sitio\/wp-json\/wp\/v2\/posts\/19559\/revisions"}],"predecessor-version":[{"id":19618,"href":"https:\/\/www.diarioholaveracruz.com.mx\/sitio\/wp-json\/wp\/v2\/posts\/19559\/revisions\/19618"}],"wp:featuredmedia":[{"embeddable":true,"href":"https:\/\/www.diarioholaveracruz.com.mx\/sitio\/wp-json\/wp\/v2\/media\/19613"}],"wp:attachment":[{"href":"https:\/\/www.diarioholaveracruz.com.mx\/sitio\/wp-json\/wp\/v2\/media?parent=19559"}],"wp:term":[{"taxonomy":"category","embeddable":true,"href":"https:\/\/www.diarioholaveracruz.com.mx\/sitio\/wp-json\/wp\/v2\/categories?post=19559"},{"taxonomy":"post_tag","embeddable":true,"href":"https:\/\/www.diarioholaveracruz.com.mx\/sitio\/wp-json\/wp\/v2\/tags?post=19559"}],"curies":[{"name":"wp","href":"https:\/\/api.w.org\/{rel}","templated":true}]}}