{"id":19563,"date":"2026-04-27T22:48:22","date_gmt":"2026-04-28T04:48:22","guid":{"rendered":"https:\/\/www.diarioholaveracruz.com.mx\/sitio\/?p=19563"},"modified":"2026-04-27T22:48:22","modified_gmt":"2026-04-28T04:48:22","slug":"mas-desarrollo-para-la-mata-anuncian-ampliacion-del-corredor-gastronomico","status":"publish","type":"post","link":"https:\/\/www.diarioholaveracruz.com.mx\/sitio\/mas-desarrollo-para-la-mata-anuncian-ampliacion-del-corredor-gastronomico\/","title":{"rendered":"M\u00e1s desarrollo para La Mata: anuncian ampliaci\u00f3n del corredor gastron\u00f3mico"},"content":{"rendered":"<p>\u2014 Ser\u00e1n 1.2 kil\u00f3metros de camino asfaltado y obras complementarias para fortalecer el turismo, el comercio y la calidad de vida de las familias, con inversi\u00f3n del Programa General de Inversi\u00f3n 2026.<\/p>\n<p>Tuxpan, Veracruz; 27 de abril de 2026.- El presidente municipal Daniel Cortina Mart\u00ednez sostuvo un encuentro con habitantes de la comunidad de La Mata, donde anunci\u00f3 el arranque de una importante obra de infraestructura que transformar\u00e1 el acceso principal a esta zona reconocida por su vocaci\u00f3n tur\u00edstica y gastron\u00f3mica.<\/p>\n<p>El proyecto contempla la ampliaci\u00f3n del conocido corredor gastron\u00f3mico mediante la construcci\u00f3n de 1.2 kil\u00f3metros de camino asfaltado, mejorando significativamente la movilidad y conectividad hacia uno de los puntos restauranteros m\u00e1s representativos de Tuxpan.<\/p>\n<p>La obra contempla acciones complementarias que permitir\u00e1n brindar mayor seguridad, funcionalidad y mejores condiciones urbanas tanto para habitantes como para visitantes.<\/p>\n<p>El alcalde destac\u00f3 que invertir en mejores caminos es impulsar directamente la econom\u00eda local, fortalecer a los comercios establecidos y generar nuevas oportunidades para las familias que dependen de la actividad tur\u00edstica y restaurantera de la comunidad.<\/p>\n<p>Estas acciones forman parte del Programa General de Inversi\u00f3n 2026, orientado a realizar obras prioritarias que eleven la calidad de vida de la poblaci\u00f3n y atiendan necesidades hist\u00f3ricas en distintos sectores del municipio.<\/p>\n<p>El mandatario estuvo acompa\u00f1ado por la s\u00edndica \u00fanica, Martha Laura Z\u00e1rate Vicencio, as\u00ed como por personal de Obras P\u00fablicas y el director de Desarrollo Social, MVZ Alejandro Alarc\u00f3n Gonz\u00e1lez.<\/p>\n<p>Con trabajo cercano a la gente y resultados concretos, el Ayuntamiento de Tuxpan contin\u00faa impulsando proyectos que fortalecen el desarrollo de sus comunidades y consolidan a La Mata como uno de los principales atractivos tur\u00edsticos de la regi\u00f3n.<div id='gallery-1' class='gallery galleryid-19563 gallery-columns-3 gallery-size-large'><figure class='gallery-item'>\n\t\t\t<div class='gallery-icon landscape'>\n\t\t\t\t<a href='https:\/\/www.diarioholaveracruz.com.mx\/sitio\/img-20260427-wa0099\/'><img loading=\"lazy\" loading=\"lazy\" decoding=\"async\" width=\"1024\" height=\"576\" src=\"https:\/\/www.diarioholaveracruz.com.mx\/sitio\/wp-content\/uploads\/2026\/04\/IMG-20260427-WA0099-1024x576.jpg\" class=\"attachment-large size-large\" alt=\"\" \/><\/a>\n\t\t\t<\/div><\/figure><figure class='gallery-item'>\n\t\t\t<div class='gallery-icon landscape'>\n\t\t\t\t<a href='https:\/\/www.diarioholaveracruz.com.mx\/sitio\/img-20260427-wa0095\/'><img loading=\"lazy\" loading=\"lazy\" decoding=\"async\" width=\"1024\" height=\"682\" src=\"https:\/\/www.diarioholaveracruz.com.mx\/sitio\/wp-content\/uploads\/2026\/04\/IMG-20260427-WA0095-1024x682.jpg\" class=\"attachment-large size-large\" alt=\"\" \/><\/a>\n\t\t\t<\/div><\/figure><figure class='gallery-item'>\n\t\t\t<div class='gallery-icon landscape'>\n\t\t\t\t<a href='https:\/\/www.diarioholaveracruz.com.mx\/sitio\/img-20260427-wa0094\/'><img loading=\"lazy\" loading=\"lazy\" decoding=\"async\" width=\"1024\" height=\"682\" src=\"https:\/\/www.diarioholaveracruz.com.mx\/sitio\/wp-content\/uploads\/2026\/04\/IMG-20260427-WA0094-1024x682.jpg\" class=\"attachment-large size-large\" alt=\"\" \/><\/a>\n\t\t\t<\/div><\/figure><figure class='gallery-item'>\n\t\t\t<div class='gallery-icon landscape'>\n\t\t\t\t<a href='https:\/\/www.diarioholaveracruz.com.mx\/sitio\/img-20260427-wa0096\/'><img loading=\"lazy\" loading=\"lazy\" decoding=\"async\" width=\"1024\" height=\"683\" src=\"https:\/\/www.diarioholaveracruz.com.mx\/sitio\/wp-content\/uploads\/2026\/04\/IMG-20260427-WA0096-1024x683.jpg\" class=\"attachment-large size-large\" alt=\"\" \/><\/a>\n\t\t\t<\/div><\/figure><figure class='gallery-item'>\n\t\t\t<div class='gallery-icon landscape'>\n\t\t\t\t<a href='https:\/\/www.diarioholaveracruz.com.mx\/sitio\/img-20260427-wa0097\/'><img loading=\"lazy\" loading=\"lazy\" decoding=\"async\" width=\"1024\" height=\"683\" src=\"https:\/\/www.diarioholaveracruz.com.mx\/sitio\/wp-content\/uploads\/2026\/04\/IMG-20260427-WA0097-1024x683.jpg\" class=\"attachment-large size-large\" alt=\"\" \/><\/a>\n\t\t\t<\/div><\/figure><figure class='gallery-item'>\n\t\t\t<div class='gallery-icon landscape'>\n\t\t\t\t<a href='https:\/\/www.diarioholaveracruz.com.mx\/sitio\/img-20260427-wa0098\/'><img loading=\"lazy\" loading=\"lazy\" decoding=\"async\" width=\"1024\" height=\"682\" src=\"https:\/\/www.diarioholaveracruz.com.mx\/sitio\/wp-content\/uploads\/2026\/04\/IMG-20260427-WA0098-1024x682.jpg\" class=\"attachment-large size-large\" alt=\"\" \/><\/a>\n\t\t\t<\/div><\/figure><figure class='gallery-item'>\n\t\t\t<div class='gallery-icon landscape'>\n\t\t\t\t<a href='https:\/\/www.diarioholaveracruz.com.mx\/sitio\/img-20260427-wa0082\/'><img loading=\"lazy\" loading=\"lazy\" decoding=\"async\" width=\"1024\" height=\"756\" src=\"https:\/\/www.diarioholaveracruz.com.mx\/sitio\/wp-content\/uploads\/2026\/04\/IMG-20260427-WA0082-1024x756.jpg\" class=\"attachment-large size-large\" alt=\"\" \/><\/a>\n\t\t\t<\/div><\/figure>\n\t\t<\/div>\n<\/p>\n","protected":false},"excerpt":{"rendered":"<p>\u2014 Ser\u00e1n 1.2 kil\u00f3metros de camino asfaltado y obras complementarias para fortalecer el turismo, el comercio y la calidad de vida de las familias, con inversi\u00f3n del Programa General de Inversi\u00f3n 2026. Tuxpan, Veracruz; 27 de abril de 2026.- El presidente municipal Daniel Cortina Mart\u00ednez sostuvo un encuentro con habitantes de la comunidad de La [&hellip;]<\/p>\n","protected":false},"author":2,"featured_media":19611,"comment_status":"open","ping_status":"open","sticky":false,"template":"","format":"standard","meta":{"pagelayer_contact_templates":[],"_pagelayer_content":"","footnotes":""},"categories":[43,46],"tags":[],"class_list":{"0":"post-19563","1":"post","2":"type-post","3":"status-publish","4":"format-standard","5":"has-post-thumbnail","7":"category-notas_locales","8":"category-tuxpan"},"_links":{"self":[{"href":"https:\/\/www.diarioholaveracruz.com.mx\/sitio\/wp-json\/wp\/v2\/posts\/19563","targetHints":{"allow":["GET"]}}],"collection":[{"href":"https:\/\/www.diarioholaveracruz.com.mx\/sitio\/wp-json\/wp\/v2\/posts"}],"about":[{"href":"https:\/\/www.diarioholaveracruz.com.mx\/sitio\/wp-json\/wp\/v2\/types\/post"}],"author":[{"embeddable":true,"href":"https:\/\/www.diarioholaveracruz.com.mx\/sitio\/wp-json\/wp\/v2\/users\/2"}],"replies":[{"embeddable":true,"href":"https:\/\/www.diarioholaveracruz.com.mx\/sitio\/wp-json\/wp\/v2\/comments?post=19563"}],"version-history":[{"count":1,"href":"https:\/\/www.diarioholaveracruz.com.mx\/sitio\/wp-json\/wp\/v2\/posts\/19563\/revisions"}],"predecessor-version":[{"id":19620,"href":"https:\/\/www.diarioholaveracruz.com.mx\/sitio\/wp-json\/wp\/v2\/posts\/19563\/revisions\/19620"}],"wp:featuredmedia":[{"embeddable":true,"href":"https:\/\/www.diarioholaveracruz.com.mx\/sitio\/wp-json\/wp\/v2\/media\/19611"}],"wp:attachment":[{"href":"https:\/\/www.diarioholaveracruz.com.mx\/sitio\/wp-json\/wp\/v2\/media?parent=19563"}],"wp:term":[{"taxonomy":"category","embeddable":true,"href":"https:\/\/www.diarioholaveracruz.com.mx\/sitio\/wp-json\/wp\/v2\/categories?post=19563"},{"taxonomy":"post_tag","embeddable":true,"href":"https:\/\/www.diarioholaveracruz.com.mx\/sitio\/wp-json\/wp\/v2\/tags?post=19563"}],"curies":[{"name":"wp","href":"https:\/\/api.w.org\/{rel}","templated":true}]}}