{"id":19569,"date":"2026-04-27T22:43:06","date_gmt":"2026-04-28T04:43:06","guid":{"rendered":"https:\/\/www.diarioholaveracruz.com.mx\/sitio\/?p=19569"},"modified":"2026-04-27T22:43:06","modified_gmt":"2026-04-28T04:43:06","slug":"entrega-sev-ordenes-de-presentacion-a-docentes-de-educacion-indigena","status":"publish","type":"post","link":"https:\/\/www.diarioholaveracruz.com.mx\/sitio\/entrega-sev-ordenes-de-presentacion-a-docentes-de-educacion-indigena\/","title":{"rendered":"Entrega SEV \u00f3rdenes de presentaci\u00f3n a docentes de educaci\u00f3n ind\u00edgena"},"content":{"rendered":"<p>Xalapa, Ver., lunes 27 de abril de 2026.- La Secretar\u00eda de Educaci\u00f3n de Veracruz (SEV) entreg\u00f3 231 \u00f3rdenes de presentaci\u00f3n a docentes de Educaci\u00f3n Preescolar y Primaria Ind\u00edgena, quienes se incorporar\u00e1n de manera definitiva al sistema educativo estatal tras concluir el Proceso de Admisi\u00f3n en Educaci\u00f3n B\u00e1sica para el ciclo escolar 2025\u20132026.<\/p>\n<p>Del total, 143 corresponden a Educaci\u00f3n Preescolar y 88 a Educaci\u00f3n Primaria Ind\u00edgena; las y los docentes ser\u00e1n asignados a planteles ubicados en 15 sectores: Acayucan, Chicontepec, Huayacocotla, Camerino Z. Mendoza, Papantla, Playa Vicente, Zongolica, Tatahuicapan, Colatl\u00e1n, C\u00f3rdoba, Entabladero, Tequila, Tantoyuca, Ixhuatl\u00e1n de Madero, entre otros.<\/p>\n<p>Durante el acto realizado en la explanada de la dependencia, el personal docente recibi\u00f3 la documentaci\u00f3n que acredita su alta definitiva, lo que permitir\u00e1 fortalecer la atenci\u00f3n educativa en comunidades ind\u00edgenas y garantizar el derecho a la educaci\u00f3n de ni\u00f1as y ni\u00f1os.<\/p>\n<p>La secretaria de Educaci\u00f3n, Claudia Tello Espinosa, reconoci\u00f3 el compromiso de las y los docentes e hizo un llamado a cumplir con el calendario escolar y el horario de clases. Asimismo, los invit\u00f3 a vincularse con la Academia Veracruzana de las Lenguas Ind\u00edgenas para acceder a cursos, procesos de capacitaci\u00f3n y certificaciones.<\/p>\n<p>A\u00f1adi\u00f3 que la SEV impulsa espacios de formaci\u00f3n continua orientados a la preservaci\u00f3n y fortalecimiento de las lenguas originarias, en congruencia con las pol\u00edticas educativas nacionales y estatales que reconocen el valor de los pueblos originarios.<\/p>\n<p>Por su parte, la directora de Educaci\u00f3n Ind\u00edgena, Simona Garc\u00eda Antonio, destac\u00f3 el papel del personal docente como portador de saberes, lenguas y culturas que fortalecen la identidad de Veracruz, en apego a los principios de la Nueva Escuela Mexicana.<\/p>\n<p>A nombre de quienes recibieron su orden de presentaci\u00f3n, la maestra Edith L\u00f3pez Felipe, de la Jefatura de Sector 03 de Huayacocotla, agradeci\u00f3 en lengua h\u00f1\u00e4h\u00f1\u00fa y en espa\u00f1ol el respaldo institucional, al se\u00f1alar que este documento brinda certeza laboral para desempe\u00f1ar su labor en las aulas.<br \/>\n&#8212;000&#8212;<br \/>\n<div id='gallery-1' class='gallery galleryid-19569 gallery-columns-3 gallery-size-large'><figure class='gallery-item'>\n\t\t\t<div class='gallery-icon landscape'>\n\t\t\t\t<a href='https:\/\/www.diarioholaveracruz.com.mx\/sitio\/img-20260427-wa0079\/'><img loading=\"lazy\" loading=\"lazy\" decoding=\"async\" width=\"1024\" height=\"682\" src=\"https:\/\/www.diarioholaveracruz.com.mx\/sitio\/wp-content\/uploads\/2026\/04\/IMG-20260427-WA0079-1024x682.jpg\" class=\"attachment-large size-large\" alt=\"\" \/><\/a>\n\t\t\t<\/div><\/figure><figure class='gallery-item'>\n\t\t\t<div class='gallery-icon landscape'>\n\t\t\t\t<a href='https:\/\/www.diarioholaveracruz.com.mx\/sitio\/img-20260427-wa0078\/'><img loading=\"lazy\" loading=\"lazy\" decoding=\"async\" width=\"1024\" height=\"683\" src=\"https:\/\/www.diarioholaveracruz.com.mx\/sitio\/wp-content\/uploads\/2026\/04\/IMG-20260427-WA0078-1024x683.jpg\" class=\"attachment-large size-large\" alt=\"\" \/><\/a>\n\t\t\t<\/div><\/figure><figure class='gallery-item'>\n\t\t\t<div class='gallery-icon landscape'>\n\t\t\t\t<a href='https:\/\/www.diarioholaveracruz.com.mx\/sitio\/img-20260427-wa0081\/'><img loading=\"lazy\" loading=\"lazy\" decoding=\"async\" width=\"1024\" height=\"683\" src=\"https:\/\/www.diarioholaveracruz.com.mx\/sitio\/wp-content\/uploads\/2026\/04\/IMG-20260427-WA0081-1024x683.jpg\" class=\"attachment-large size-large\" alt=\"\" \/><\/a>\n\t\t\t<\/div><\/figure><figure class='gallery-item'>\n\t\t\t<div class='gallery-icon landscape'>\n\t\t\t\t<a href='https:\/\/www.diarioholaveracruz.com.mx\/sitio\/img-20260427-wa0083\/'><img loading=\"lazy\" loading=\"lazy\" decoding=\"async\" width=\"1024\" height=\"683\" src=\"https:\/\/www.diarioholaveracruz.com.mx\/sitio\/wp-content\/uploads\/2026\/04\/IMG-20260427-WA0083-1024x683.jpg\" class=\"attachment-large size-large\" alt=\"\" \/><\/a>\n\t\t\t<\/div><\/figure><figure class='gallery-item'>\n\t\t\t<div class='gallery-icon landscape'>\n\t\t\t\t<a href='https:\/\/www.diarioholaveracruz.com.mx\/sitio\/img-20260427-wa0084\/'><img loading=\"lazy\" loading=\"lazy\" decoding=\"async\" width=\"1024\" height=\"626\" src=\"https:\/\/www.diarioholaveracruz.com.mx\/sitio\/wp-content\/uploads\/2026\/04\/IMG-20260427-WA0084-1024x626.jpg\" class=\"attachment-large size-large\" alt=\"\" \/><\/a>\n\t\t\t<\/div><\/figure>\n\t\t<\/div>\n<\/p>\n","protected":false},"excerpt":{"rendered":"<p>Xalapa, Ver., lunes 27 de abril de 2026.- La Secretar\u00eda de Educaci\u00f3n de Veracruz (SEV) entreg\u00f3 231 \u00f3rdenes de presentaci\u00f3n a docentes de Educaci\u00f3n Preescolar y Primaria Ind\u00edgena, quienes se incorporar\u00e1n de manera definitiva al sistema educativo estatal tras concluir el Proceso de Admisi\u00f3n en Educaci\u00f3n B\u00e1sica para el ciclo escolar 2025\u20132026. Del total, 143 [&hellip;]<\/p>\n","protected":false},"author":2,"featured_media":19612,"comment_status":"open","ping_status":"open","sticky":false,"template":"","format":"standard","meta":{"pagelayer_contact_templates":[],"_pagelayer_content":"","footnotes":""},"categories":[50,44],"tags":[],"class_list":{"0":"post-19569","1":"post","2":"type-post","3":"status-publish","4":"format-standard","5":"has-post-thumbnail","7":"category-destacadas","8":"category-estatal"},"_links":{"self":[{"href":"https:\/\/www.diarioholaveracruz.com.mx\/sitio\/wp-json\/wp\/v2\/posts\/19569","targetHints":{"allow":["GET"]}}],"collection":[{"href":"https:\/\/www.diarioholaveracruz.com.mx\/sitio\/wp-json\/wp\/v2\/posts"}],"about":[{"href":"https:\/\/www.diarioholaveracruz.com.mx\/sitio\/wp-json\/wp\/v2\/types\/post"}],"author":[{"embeddable":true,"href":"https:\/\/www.diarioholaveracruz.com.mx\/sitio\/wp-json\/wp\/v2\/users\/2"}],"replies":[{"embeddable":true,"href":"https:\/\/www.diarioholaveracruz.com.mx\/sitio\/wp-json\/wp\/v2\/comments?post=19569"}],"version-history":[{"count":1,"href":"https:\/\/www.diarioholaveracruz.com.mx\/sitio\/wp-json\/wp\/v2\/posts\/19569\/revisions"}],"predecessor-version":[{"id":19616,"href":"https:\/\/www.diarioholaveracruz.com.mx\/sitio\/wp-json\/wp\/v2\/posts\/19569\/revisions\/19616"}],"wp:featuredmedia":[{"embeddable":true,"href":"https:\/\/www.diarioholaveracruz.com.mx\/sitio\/wp-json\/wp\/v2\/media\/19612"}],"wp:attachment":[{"href":"https:\/\/www.diarioholaveracruz.com.mx\/sitio\/wp-json\/wp\/v2\/media?parent=19569"}],"wp:term":[{"taxonomy":"category","embeddable":true,"href":"https:\/\/www.diarioholaveracruz.com.mx\/sitio\/wp-json\/wp\/v2\/categories?post=19569"},{"taxonomy":"post_tag","embeddable":true,"href":"https:\/\/www.diarioholaveracruz.com.mx\/sitio\/wp-json\/wp\/v2\/tags?post=19569"}],"curies":[{"name":"wp","href":"https:\/\/api.w.org\/{rel}","templated":true}]}}