{"id":19687,"date":"2026-04-28T14:54:39","date_gmt":"2026-04-28T20:54:39","guid":{"rendered":"https:\/\/www.diarioholaveracruz.com.mx\/sitio\/?p=19687"},"modified":"2026-04-28T14:55:40","modified_gmt":"2026-04-28T20:55:40","slug":"videomapping-ilumina-el-mural-totonaca-y","status":"publish","type":"post","link":"https:\/\/www.diarioholaveracruz.com.mx\/sitio\/videomapping-ilumina-el-mural-totonaca-y\/","title":{"rendered":"Videomapping ilumina el mural totonaca y"},"content":{"rendered":"<p>Espect\u00e1culo de luz cautiva a visitantes y locales<\/p>\n<p>PAPANTLA, VER.\u2013 El mural \u201cHomenaje a la Cultura Totonaca\u201d volvi\u00f3 a llenarse de vida con la proyecci\u00f3n del espect\u00e1culo de videomapping, el cual ha logrado captar la atenci\u00f3n de habitantes y turistas que se dan cita en el centro hist\u00f3rico de Papantla.<\/p>\n<p>Durante las noches, este show de luz y sonido transforma la explanada en un espacio de encuentro cultural, donde cientos de personas disfrutan de una experiencia multimedia que narra la historia del pueblo de los tres corazones, resaltando sus ra\u00edces, tradiciones y riqueza cultural.<\/p>\n<p>El espect\u00e1culo, que combina tecnolog\u00eda y arte, permite a los asistentes conocer m\u00e1s sobre el legado del pueblo totonaca, a trav\u00e9s de im\u00e1genes proyectadas sobre el emblem\u00e1tico mural creado por el maestro Teodoro Cano Garc\u00eda.<\/p>\n<p>Ciudadanos de distintos municipios han acudido a presenciar esta presentaci\u00f3n, posicionando a Papantla como uno de los pocos destinos que cuentan con este tipo de atractivos culturales, lo que adem\u00e1s contribuye a fortalecer el turismo en la regi\u00f3n.<\/p>\n<p>Autoridades municipales se\u00f1alaron que este proyecto busca preservar y difundir la identidad cultural, acercando a nuevas generaciones y visitantes a la historia y tradiciones del pueblo totonaca.<\/p>\n","protected":false},"excerpt":{"rendered":"<p>Espect\u00e1culo de luz cautiva a visitantes y locales PAPANTLA, VER.\u2013 El mural \u201cHomenaje a la Cultura Totonaca\u201d volvi\u00f3 a llenarse de vida con la proyecci\u00f3n del espect\u00e1culo de videomapping, el cual ha logrado captar la atenci\u00f3n de habitantes y turistas que se dan cita en el centro hist\u00f3rico de Papantla. Durante las noches, este show [&hellip;]<\/p>\n","protected":false},"author":2,"featured_media":19690,"comment_status":"open","ping_status":"open","sticky":false,"template":"","format":"standard","meta":{"pagelayer_contact_templates":[],"_pagelayer_content":"","footnotes":""},"categories":[43,49],"tags":[],"class_list":{"0":"post-19687","1":"post","2":"type-post","3":"status-publish","4":"format-standard","5":"has-post-thumbnail","7":"category-notas_locales","8":"category-papantla"},"_links":{"self":[{"href":"https:\/\/www.diarioholaveracruz.com.mx\/sitio\/wp-json\/wp\/v2\/posts\/19687","targetHints":{"allow":["GET"]}}],"collection":[{"href":"https:\/\/www.diarioholaveracruz.com.mx\/sitio\/wp-json\/wp\/v2\/posts"}],"about":[{"href":"https:\/\/www.diarioholaveracruz.com.mx\/sitio\/wp-json\/wp\/v2\/types\/post"}],"author":[{"embeddable":true,"href":"https:\/\/www.diarioholaveracruz.com.mx\/sitio\/wp-json\/wp\/v2\/users\/2"}],"replies":[{"embeddable":true,"href":"https:\/\/www.diarioholaveracruz.com.mx\/sitio\/wp-json\/wp\/v2\/comments?post=19687"}],"version-history":[{"count":1,"href":"https:\/\/www.diarioholaveracruz.com.mx\/sitio\/wp-json\/wp\/v2\/posts\/19687\/revisions"}],"predecessor-version":[{"id":19695,"href":"https:\/\/www.diarioholaveracruz.com.mx\/sitio\/wp-json\/wp\/v2\/posts\/19687\/revisions\/19695"}],"wp:featuredmedia":[{"embeddable":true,"href":"https:\/\/www.diarioholaveracruz.com.mx\/sitio\/wp-json\/wp\/v2\/media\/19690"}],"wp:attachment":[{"href":"https:\/\/www.diarioholaveracruz.com.mx\/sitio\/wp-json\/wp\/v2\/media?parent=19687"}],"wp:term":[{"taxonomy":"category","embeddable":true,"href":"https:\/\/www.diarioholaveracruz.com.mx\/sitio\/wp-json\/wp\/v2\/categories?post=19687"},{"taxonomy":"post_tag","embeddable":true,"href":"https:\/\/www.diarioholaveracruz.com.mx\/sitio\/wp-json\/wp\/v2\/tags?post=19687"}],"curies":[{"name":"wp","href":"https:\/\/api.w.org\/{rel}","templated":true}]}}