{"id":19711,"date":"2026-04-28T15:50:26","date_gmt":"2026-04-28T21:50:26","guid":{"rendered":"https:\/\/www.diarioholaveracruz.com.mx\/sitio\/?p=19711"},"modified":"2026-04-28T15:50:26","modified_gmt":"2026-04-28T21:50:26","slug":"19711-2","status":"publish","type":"post","link":"https:\/\/www.diarioholaveracruz.com.mx\/sitio\/19711-2\/","title":{"rendered":""},"content":{"rendered":"<p>BOLETIN<\/p>\n<p>Vicente Aguilar Aguilar<br \/>\nCoordinador Estatal<\/p>\n<p>El Partido del Trabajo respalda la propuesta de la compa\u00f1era gobernadora Roc\u00edo Nahle Garcia, a efecto, que el Estado asuma la deuda de los 199 municipios veracruzanos derivada de la bursatilizaci\u00f3n del impuesto a la tenencia vehicular. Despu\u00e9s de haber pagado m\u00e1s de 3 mil millones de pesos en intereses, la deuda debe ser reestructurada para liberar recursos municipales y destinarlos a las necesidades del pueblo. Sin embargo, este proceso solo ser\u00e1 v\u00e1lido si existe un consenso total entre los municipios, toda vez, que no se trata de un favor, sino de una respuesta a la urgencia de la justicia social. La reestructuraci\u00f3n es una oportunidad para avanzar en una transformaci\u00f3n que garantice que los recursos p\u00fablicos trabajen para la gente, con transparencia y eficiencia.<\/p>\n<p>En otro orden de ideas, el Partido del Trabajo  celebra la inversi\u00f3n de 4 mil 170 millones de pesos destinada por la Secretar\u00eda de Infraestructura, Comunicaciones y Transportes (SICT) para la rehabilitaci\u00f3n de la red carretera federal libre de peaje en Veracruz. Esta inversi\u00f3n es fundamental para garantizar la conectividad y mejorar la seguridad vial, elementos clave para el desarrollo regional. No obstante, el PT subraya que la administraci\u00f3n de estos recursos debe garantizar m\u00e1xima transparencia y una participaci\u00f3n activa de la ciudadan\u00eda, asegurando que cada peso invertido se destine de manera \u00f3ptima a las necesidades reales de la poblaci\u00f3n.<\/p>\n<p>Por otro lado. Es muy importante hacer una limpieza a fondo en el poder judicial y en los \u00f3rganos de procuraci\u00f3n de justicia, el Partido del Trabajo reconoce que han existido  algunos actos de corrupci\u00f3n que ha permeado y lastimado a la sociedad veracruzana, por todo ello, es momento de limpiar la casa y la Fiscal General del Estado, as\u00ed como la presidenta del poder judicial, se pongan las pilas y empiecen a limpiar y a combatir la corrupci\u00f3n a fondo, los veracruzanos habremos de reconocer ese gran esfuerzo a favor de la ciudadan\u00eda de nuestro estado, el PT est\u00e1 a favor de la justicia y del pueblo veracruzano!!<\/p>\n<p>El \u00d3rgano de Fiscalizaci\u00f3n Superior del Estado de Veracruz, encabezado por Delia Gonz\u00e1lez Cobos, inform\u00f3 que ya fueron presentadas dos denuncias penales por presunto da\u00f1o patrimonial en contra de exfuncionarios de la administraci\u00f3n estatal que encabez\u00f3 Cuitl\u00e1huac Garc\u00eda Jim\u00e9nez. De acuerdo con lo dado a conocer, las denuncias est\u00e1n relacionadas con irregularidades detectadas en un Instituto Tecnol\u00f3gico Superior y en el manejo de un fideicomiso p\u00fablico.<br \/>\nEstas acciones derivan de las observaciones realizadas en el proceso de fiscalizaci\u00f3n de la Cuenta P\u00fablica, donde se identificaron posibles inconsistencias en el uso de recursos. El organismo precis\u00f3 que, por el momento, no se han revelado los nombres de las personas involucradas, debido a que los procesos se encuentran en curso y deben respetarse las etapas legales correspondientes.<\/p>\n<p>Una vez m\u00e1s la ciudadan\u00eda presenta una queja formal contra la empresa de transportes Miradores del Mar, se\u00f1alada reiteradamente por su conducta irresponsable en las v\u00edas p\u00fablicas. De acuerdo con testimonios recientes, sus unidades han provocado choques, da\u00f1os a veh\u00edculos particulares y en no pocas ocasiones, han abandonado el lugar para evadir responsabilidades. Esta pr\u00e1ctica no solo afecta el patrimonio de las personas, sino que tambi\u00e9n pone en riesgo la seguridad vial. Lo m\u00e1s preocupante es la reiterada negativa de la empresa a reconocer los hechos y responder por los da\u00f1os ocasionados, ampar\u00e1ndose en argumentos evasivos. Las autoridades competentes no pueden seguir siendo omisas ante un patr\u00f3n tan evidente. Es urgente establecer mecanismos de supervisi\u00f3n efectivos, sanciones ejemplares y canales \u00e1giles de atenci\u00f3n a v\u00edctimas. La impunidad normaliza estas conductas y erosiona la confianza ciudadana. Exigir rendici\u00f3n de cuentas no es opcional: es una obligaci\u00f3n legal y \u00e9tica que debe cumplirse. Sin acciones firmes, los abusos continuar\u00e1n repiti\u00e9ndose sin consecuencias.<\/p>\n<p>Por \u00faltimo, el Partido del Trabajo expresa su profunda preocupaci\u00f3n por el aumento de las amenazas a la seguridad de los estudiantes y el bullying, fen\u00f3menos que est\u00e1n afectando gravemente la salud emocional de los j\u00f3venes en Xalapa y en todo el estado de Veracruz. Este problema no solo atenta contra la integridad de los estudiantes, sino que refleja una crisis social urgente que exige atenci\u00f3n inmediata. La salud mental de los j\u00f3venes debe ser un eje central en la construcci\u00f3n de un bienestar colectivo. Es fundamental que se implementen pol\u00edticas p\u00fablicas que fortalezcan las redes familiares y escolares, y que se creen espacios seguros para que los j\u00f3venes puedan desarrollarse sin temor.<div id='gallery-1' class='gallery galleryid-19711 gallery-columns-3 gallery-size-thumbnail'><figure class='gallery-item'>\n\t\t\t<div class='gallery-icon portrait'>\n\t\t\t\t<a href='https:\/\/www.diarioholaveracruz.com.mx\/sitio\/img-20260428-wa0040\/'><img loading=\"lazy\" loading=\"lazy\" decoding=\"async\" width=\"150\" height=\"150\" src=\"https:\/\/www.diarioholaveracruz.com.mx\/sitio\/wp-content\/uploads\/2026\/04\/IMG-20260428-WA0040-150x150.jpg\" class=\"attachment-thumbnail size-thumbnail\" alt=\"\" \/><\/a>\n\t\t\t<\/div><\/figure><figure class='gallery-item'>\n\t\t\t<div class='gallery-icon landscape'>\n\t\t\t\t<a href='https:\/\/www.diarioholaveracruz.com.mx\/sitio\/img-20260428-wa0044\/'><img loading=\"lazy\" loading=\"lazy\" decoding=\"async\" width=\"150\" height=\"150\" src=\"https:\/\/www.diarioholaveracruz.com.mx\/sitio\/wp-content\/uploads\/2026\/04\/IMG-20260428-WA0044-150x150.jpg\" class=\"attachment-thumbnail size-thumbnail\" alt=\"\" \/><\/a>\n\t\t\t<\/div><\/figure>\n\t\t<\/div>\n<\/p>\n","protected":false},"excerpt":{"rendered":"<p>BOLETIN Vicente Aguilar Aguilar Coordinador Estatal El Partido del Trabajo respalda la propuesta de la compa\u00f1era gobernadora Roc\u00edo Nahle Garcia, a efecto, que el Estado asuma la deuda de los 199 municipios veracruzanos derivada de la bursatilizaci\u00f3n del impuesto a la tenencia vehicular. Despu\u00e9s de haber pagado m\u00e1s de 3 mil millones de pesos en [&hellip;]<\/p>\n","protected":false},"author":2,"featured_media":19708,"comment_status":"open","ping_status":"open","sticky":false,"template":"","format":"standard","meta":{"pagelayer_contact_templates":[],"_pagelayer_content":"","footnotes":""},"categories":[50,44],"tags":[],"class_list":{"0":"post-19711","1":"post","2":"type-post","3":"status-publish","4":"format-standard","5":"has-post-thumbnail","7":"category-destacadas","8":"category-estatal"},"_links":{"self":[{"href":"https:\/\/www.diarioholaveracruz.com.mx\/sitio\/wp-json\/wp\/v2\/posts\/19711","targetHints":{"allow":["GET"]}}],"collection":[{"href":"https:\/\/www.diarioholaveracruz.com.mx\/sitio\/wp-json\/wp\/v2\/posts"}],"about":[{"href":"https:\/\/www.diarioholaveracruz.com.mx\/sitio\/wp-json\/wp\/v2\/types\/post"}],"author":[{"embeddable":true,"href":"https:\/\/www.diarioholaveracruz.com.mx\/sitio\/wp-json\/wp\/v2\/users\/2"}],"replies":[{"embeddable":true,"href":"https:\/\/www.diarioholaveracruz.com.mx\/sitio\/wp-json\/wp\/v2\/comments?post=19711"}],"version-history":[{"count":1,"href":"https:\/\/www.diarioholaveracruz.com.mx\/sitio\/wp-json\/wp\/v2\/posts\/19711\/revisions"}],"predecessor-version":[{"id":19716,"href":"https:\/\/www.diarioholaveracruz.com.mx\/sitio\/wp-json\/wp\/v2\/posts\/19711\/revisions\/19716"}],"wp:featuredmedia":[{"embeddable":true,"href":"https:\/\/www.diarioholaveracruz.com.mx\/sitio\/wp-json\/wp\/v2\/media\/19708"}],"wp:attachment":[{"href":"https:\/\/www.diarioholaveracruz.com.mx\/sitio\/wp-json\/wp\/v2\/media?parent=19711"}],"wp:term":[{"taxonomy":"category","embeddable":true,"href":"https:\/\/www.diarioholaveracruz.com.mx\/sitio\/wp-json\/wp\/v2\/categories?post=19711"},{"taxonomy":"post_tag","embeddable":true,"href":"https:\/\/www.diarioholaveracruz.com.mx\/sitio\/wp-json\/wp\/v2\/tags?post=19711"}],"curies":[{"name":"wp","href":"https:\/\/api.w.org\/{rel}","templated":true}]}}