{"id":19737,"date":"2026-04-28T17:23:13","date_gmt":"2026-04-28T23:23:13","guid":{"rendered":"https:\/\/www.diarioholaveracruz.com.mx\/sitio\/?p=19737"},"modified":"2026-04-28T17:23:13","modified_gmt":"2026-04-28T23:23:13","slug":"senalan-estrategia-para-reposicionarse-a-partir-de-divisiones-en-morena-tihuatlan","status":"publish","type":"post","link":"https:\/\/www.diarioholaveracruz.com.mx\/sitio\/senalan-estrategia-para-reposicionarse-a-partir-de-divisiones-en-morena-tihuatlan\/","title":{"rendered":"SE\u00d1ALAN ESTRATEGIA PARA REPOSICIONARSE A PARTIR DE DIVISIONES EN MORENA TIHUATL\u00c1N"},"content":{"rendered":"<p>Tihuatl\u00e1n, Ver.- En el escenario pol\u00edtico local comienzan a surgir se\u00f1alamientos sobre movimientos que buscar\u00edan aprovechar posibles diferencias internas dentro de Morena para generar nuevas alianzas y reposicionar perfiles de cara a futuros procesos electorales.<\/p>\n<p>En ese contexto, el nombre de Amado Guerrero ha cobrado relevancia, luego de que se le vincule con recientes encuentros pol\u00edticos en el municipio, pese a haber sido candidato del PAN a la alcald\u00eda en 2025. Estas acciones han sido interpretadas por algunos sectores como parte de una estrategia para construir presencia a partir de coyunturas internas en otros partidos.<\/p>\n<p>De forma paralela, tambi\u00e9n han surgido cr\u00edticas hacia el diputado federal Javier Vel\u00e1zquez Vallejo, a quien se le cuestiona su desempe\u00f1o en el distrito que representa. Diversas opiniones apuntan a que los resultados electorales recientes en municipios como Tihuatl\u00e1n y Tamiahua evidencian una p\u00e9rdida de fuerza pol\u00edtica, atribuida a una limitada gesti\u00f3n y cercan\u00eda con la ciudadan\u00eda.<\/p>\n<p>Bajo esta perspectiva, la b\u00fasqueda de acercamientos con actores de otras fuerzas pol\u00edticas ser\u00eda una respuesta ante la necesidad de recuperar posicionamiento, en un entorno donde la percepci\u00f3n p\u00fablica juega un papel determinante.<\/p>\n<p>Mientras tanto, el panorama pol\u00edtico en Tihuatl\u00e1n contin\u00faa en movimiento, con distintos actores tratando de consolidar presencia y capital pol\u00edtico rumbo a los pr\u00f3ximos escenarios electorales.<div id='gallery-1' class='gallery galleryid-19737 gallery-columns-3 gallery-size-large'><figure class='gallery-item'>\n\t\t\t<div class='gallery-icon landscape'>\n\t\t\t\t<a href='https:\/\/www.diarioholaveracruz.com.mx\/sitio\/img-20260428-wa0102\/'><img loading=\"lazy\" loading=\"lazy\" decoding=\"async\" width=\"1024\" height=\"682\" src=\"https:\/\/www.diarioholaveracruz.com.mx\/sitio\/wp-content\/uploads\/2026\/04\/IMG-20260428-WA0102-1024x682.jpg\" class=\"attachment-large size-large\" alt=\"\" \/><\/a>\n\t\t\t<\/div><\/figure><figure class='gallery-item'>\n\t\t\t<div class='gallery-icon landscape'>\n\t\t\t\t<a href='https:\/\/www.diarioholaveracruz.com.mx\/sitio\/img-20260428-wa0103\/'><img loading=\"lazy\" loading=\"lazy\" decoding=\"async\" width=\"1024\" height=\"800\" src=\"https:\/\/www.diarioholaveracruz.com.mx\/sitio\/wp-content\/uploads\/2026\/04\/IMG-20260428-WA0103-1024x800.jpg\" class=\"attachment-large size-large\" alt=\"\" \/><\/a>\n\t\t\t<\/div><\/figure>\n\t\t<\/div>\n<\/p>\n","protected":false},"excerpt":{"rendered":"<p>Tihuatl\u00e1n, Ver.- En el escenario pol\u00edtico local comienzan a surgir se\u00f1alamientos sobre movimientos que buscar\u00edan aprovechar posibles diferencias internas dentro de Morena para generar nuevas alianzas y reposicionar perfiles de cara a futuros procesos electorales. En ese contexto, el nombre de Amado Guerrero ha cobrado relevancia, luego de que se le vincule con recientes encuentros [&hellip;]<\/p>\n","protected":false},"author":2,"featured_media":19727,"comment_status":"open","ping_status":"open","sticky":false,"template":"","format":"standard","meta":{"pagelayer_contact_templates":[],"_pagelayer_content":"","footnotes":""},"categories":[43,47],"tags":[],"class_list":{"0":"post-19737","1":"post","2":"type-post","3":"status-publish","4":"format-standard","5":"has-post-thumbnail","7":"category-notas_locales","8":"category-tihuatlan"},"_links":{"self":[{"href":"https:\/\/www.diarioholaveracruz.com.mx\/sitio\/wp-json\/wp\/v2\/posts\/19737","targetHints":{"allow":["GET"]}}],"collection":[{"href":"https:\/\/www.diarioholaveracruz.com.mx\/sitio\/wp-json\/wp\/v2\/posts"}],"about":[{"href":"https:\/\/www.diarioholaveracruz.com.mx\/sitio\/wp-json\/wp\/v2\/types\/post"}],"author":[{"embeddable":true,"href":"https:\/\/www.diarioholaveracruz.com.mx\/sitio\/wp-json\/wp\/v2\/users\/2"}],"replies":[{"embeddable":true,"href":"https:\/\/www.diarioholaveracruz.com.mx\/sitio\/wp-json\/wp\/v2\/comments?post=19737"}],"version-history":[{"count":1,"href":"https:\/\/www.diarioholaveracruz.com.mx\/sitio\/wp-json\/wp\/v2\/posts\/19737\/revisions"}],"predecessor-version":[{"id":19753,"href":"https:\/\/www.diarioholaveracruz.com.mx\/sitio\/wp-json\/wp\/v2\/posts\/19737\/revisions\/19753"}],"wp:featuredmedia":[{"embeddable":true,"href":"https:\/\/www.diarioholaveracruz.com.mx\/sitio\/wp-json\/wp\/v2\/media\/19727"}],"wp:attachment":[{"href":"https:\/\/www.diarioholaveracruz.com.mx\/sitio\/wp-json\/wp\/v2\/media?parent=19737"}],"wp:term":[{"taxonomy":"category","embeddable":true,"href":"https:\/\/www.diarioholaveracruz.com.mx\/sitio\/wp-json\/wp\/v2\/categories?post=19737"},{"taxonomy":"post_tag","embeddable":true,"href":"https:\/\/www.diarioholaveracruz.com.mx\/sitio\/wp-json\/wp\/v2\/tags?post=19737"}],"curies":[{"name":"wp","href":"https:\/\/api.w.org\/{rel}","templated":true}]}}