{"id":19739,"date":"2026-04-28T17:18:45","date_gmt":"2026-04-28T23:18:45","guid":{"rendered":"https:\/\/www.diarioholaveracruz.com.mx\/sitio\/?p=19739"},"modified":"2026-04-28T17:18:45","modified_gmt":"2026-04-28T23:18:45","slug":"inclusion-con-resultados-poza-rica-instala-consejo-municipal-para-personas-con-discapacidad","status":"publish","type":"post","link":"https:\/\/www.diarioholaveracruz.com.mx\/sitio\/inclusion-con-resultados-poza-rica-instala-consejo-municipal-para-personas-con-discapacidad\/","title":{"rendered":"INCLUSI\u00d3N CON RESULTADOS: POZA RICA INSTALA CONSEJO MUNICIPAL PARA PERSONAS CON DISCAPACIDAD"},"content":{"rendered":"<p>Poza Rica, Veracruz.\u2013 Con el firme compromiso de construir un municipio m\u00e1s incluyente, el Gobierno de Poza Rica llev\u00f3 a cabo la Primera Sesi\u00f3n Solemne de Instalaci\u00f3n y Toma de Protesta del Consejo Municipal para la Integraci\u00f3n de Personas con Discapacidad, un \u00f3rgano que permitir\u00e1 fortalecer las pol\u00edticas p\u00fablicas en favor de este sector de la poblaci\u00f3n.<\/p>\n<p>Durante esta sesi\u00f3n, la Presidenta Municipal, Adanely Rodr\u00edguez, asumi\u00f3 su car\u00e1cter de presidenta honoraria del Consejo, reafirmando el compromiso de su administraci\u00f3n con la inclusi\u00f3n, la igualdad de oportunidades y el respeto a los derechos humanos.<\/p>\n<p>El Consejo qued\u00f3 formalmente integrado por Juan Francisco Saucedo, edil de inclusi\u00f3n ciudadana, como Presidente; la presidenta honor\u00edfica del Sistema DIF Municipal, Concepci\u00f3n Rodr\u00edguez, como Secretaria Honoraria; y la directora del DIF Municipal, Sthepany Paola Mar, como Secretaria T\u00e9cnica.<\/p>\n<p>Asimismo, este \u00f3rgano est\u00e1 conformado por ciudadanos, personas con discapacidad y representantes de organizaciones civiles, quienes aportar\u00e1n su experiencia y visi\u00f3n para la construcci\u00f3n de estrategias que impulsen una sociedad m\u00e1s justa e incluyente.<\/p>\n<p>Como parte de su funcionamiento, el Consejo celebrar\u00e1 sesiones ordinarias por lo menos una vez cada dos meses, con el objetivo de dar seguimiento a las acciones, programas y pol\u00edticas que contribuyan al bienestar y desarrollo integral de las personas con discapacidad en el municipio.<\/p>\n<p>Con la instalaci\u00f3n de este Consejo, el Gobierno de Poza Rica refrenda su compromiso de trabajar de manera coordinada con la sociedad para garantizar la inclusi\u00f3n y mejorar la calidad de vida de todas y todos los pozarricenses.<div id='gallery-1' class='gallery galleryid-19739 gallery-columns-3 gallery-size-large'><figure class='gallery-item'>\n\t\t\t<div class='gallery-icon landscape'>\n\t\t\t\t<a href='https:\/\/www.diarioholaveracruz.com.mx\/sitio\/img-20260428-wa0092\/'><img loading=\"lazy\" loading=\"lazy\" decoding=\"async\" width=\"1024\" height=\"685\" src=\"https:\/\/www.diarioholaveracruz.com.mx\/sitio\/wp-content\/uploads\/2026\/04\/IMG-20260428-WA0092-1024x685.jpg\" class=\"attachment-large size-large\" alt=\"\" \/><\/a>\n\t\t\t<\/div><\/figure><figure class='gallery-item'>\n\t\t\t<div class='gallery-icon landscape'>\n\t\t\t\t<a href='https:\/\/www.diarioholaveracruz.com.mx\/sitio\/img-20260428-wa0091\/'><img loading=\"lazy\" loading=\"lazy\" decoding=\"async\" width=\"1024\" height=\"685\" src=\"https:\/\/www.diarioholaveracruz.com.mx\/sitio\/wp-content\/uploads\/2026\/04\/IMG-20260428-WA0091-1024x685.jpg\" class=\"attachment-large size-large\" alt=\"\" \/><\/a>\n\t\t\t<\/div><\/figure><figure class='gallery-item'>\n\t\t\t<div class='gallery-icon landscape'>\n\t\t\t\t<a href='https:\/\/www.diarioholaveracruz.com.mx\/sitio\/img-20260428-wa0093\/'><img loading=\"lazy\" loading=\"lazy\" decoding=\"async\" width=\"1024\" height=\"685\" src=\"https:\/\/www.diarioholaveracruz.com.mx\/sitio\/wp-content\/uploads\/2026\/04\/IMG-20260428-WA0093-1024x685.jpg\" class=\"attachment-large size-large\" alt=\"\" \/><\/a>\n\t\t\t<\/div><\/figure><figure class='gallery-item'>\n\t\t\t<div class='gallery-icon landscape'>\n\t\t\t\t<a href='https:\/\/www.diarioholaveracruz.com.mx\/sitio\/img-20260428-wa0094\/'><img loading=\"lazy\" loading=\"lazy\" decoding=\"async\" width=\"1024\" height=\"685\" src=\"https:\/\/www.diarioholaveracruz.com.mx\/sitio\/wp-content\/uploads\/2026\/04\/IMG-20260428-WA0094-1024x685.jpg\" class=\"attachment-large size-large\" alt=\"\" \/><\/a>\n\t\t\t<\/div><\/figure><figure class='gallery-item'>\n\t\t\t<div class='gallery-icon landscape'>\n\t\t\t\t<a href='https:\/\/www.diarioholaveracruz.com.mx\/sitio\/img-20260428-wa0096\/'><img loading=\"lazy\" loading=\"lazy\" decoding=\"async\" width=\"1024\" height=\"685\" src=\"https:\/\/www.diarioholaveracruz.com.mx\/sitio\/wp-content\/uploads\/2026\/04\/IMG-20260428-WA0096-1024x685.jpg\" class=\"attachment-large size-large\" alt=\"\" \/><\/a>\n\t\t\t<\/div><\/figure>\n\t\t<\/div>\n<\/p>\n","protected":false},"excerpt":{"rendered":"<p>Poza Rica, Veracruz.\u2013 Con el firme compromiso de construir un municipio m\u00e1s incluyente, el Gobierno de Poza Rica llev\u00f3 a cabo la Primera Sesi\u00f3n Solemne de Instalaci\u00f3n y Toma de Protesta del Consejo Municipal para la Integraci\u00f3n de Personas con Discapacidad, un \u00f3rgano que permitir\u00e1 fortalecer las pol\u00edticas p\u00fablicas en favor de este sector de [&hellip;]<\/p>\n","protected":false},"author":2,"featured_media":19742,"comment_status":"open","ping_status":"open","sticky":false,"template":"","format":"standard","meta":{"pagelayer_contact_templates":[],"_pagelayer_content":"","footnotes":""},"categories":[43,45],"tags":[],"class_list":{"0":"post-19739","1":"post","2":"type-post","3":"status-publish","4":"format-standard","5":"has-post-thumbnail","7":"category-notas_locales","8":"category-poza_rica"},"_links":{"self":[{"href":"https:\/\/www.diarioholaveracruz.com.mx\/sitio\/wp-json\/wp\/v2\/posts\/19739","targetHints":{"allow":["GET"]}}],"collection":[{"href":"https:\/\/www.diarioholaveracruz.com.mx\/sitio\/wp-json\/wp\/v2\/posts"}],"about":[{"href":"https:\/\/www.diarioholaveracruz.com.mx\/sitio\/wp-json\/wp\/v2\/types\/post"}],"author":[{"embeddable":true,"href":"https:\/\/www.diarioholaveracruz.com.mx\/sitio\/wp-json\/wp\/v2\/users\/2"}],"replies":[{"embeddable":true,"href":"https:\/\/www.diarioholaveracruz.com.mx\/sitio\/wp-json\/wp\/v2\/comments?post=19739"}],"version-history":[{"count":1,"href":"https:\/\/www.diarioholaveracruz.com.mx\/sitio\/wp-json\/wp\/v2\/posts\/19739\/revisions"}],"predecessor-version":[{"id":19751,"href":"https:\/\/www.diarioholaveracruz.com.mx\/sitio\/wp-json\/wp\/v2\/posts\/19739\/revisions\/19751"}],"wp:featuredmedia":[{"embeddable":true,"href":"https:\/\/www.diarioholaveracruz.com.mx\/sitio\/wp-json\/wp\/v2\/media\/19742"}],"wp:attachment":[{"href":"https:\/\/www.diarioholaveracruz.com.mx\/sitio\/wp-json\/wp\/v2\/media?parent=19739"}],"wp:term":[{"taxonomy":"category","embeddable":true,"href":"https:\/\/www.diarioholaveracruz.com.mx\/sitio\/wp-json\/wp\/v2\/categories?post=19739"},{"taxonomy":"post_tag","embeddable":true,"href":"https:\/\/www.diarioholaveracruz.com.mx\/sitio\/wp-json\/wp\/v2\/tags?post=19739"}],"curies":[{"name":"wp","href":"https:\/\/api.w.org\/{rel}","templated":true}]}}