{"id":19845,"date":"2026-04-29T19:05:22","date_gmt":"2026-04-30T01:05:22","guid":{"rendered":"https:\/\/www.diarioholaveracruz.com.mx\/sitio\/?p=19845"},"modified":"2026-04-29T19:05:22","modified_gmt":"2026-04-30T01:05:22","slug":"supervisa-rocio-nahle-cuartel-de-guardia-nacional-en-coyutla","status":"publish","type":"post","link":"https:\/\/www.diarioholaveracruz.com.mx\/sitio\/supervisa-rocio-nahle-cuartel-de-guardia-nacional-en-coyutla\/","title":{"rendered":"Supervisa Roc\u00edo Nahle cuartel de Guardia Nacional en Coyutla"},"content":{"rendered":"<p>Coyutla, Ver., mi\u00e9rcoles 29 de abril de 2026.- Como parte de la estrategia de seguridad centrada en el bienestar y la atenci\u00f3n a las causas, la gobernadora Roc\u00edo Nahle Garc\u00eda, junto con mandos de la Guardia Nacional, supervisaron la construcci\u00f3n del cuartel en Coyutla, infraestructura clave para fortalecer la paz en el Totonacapan.<\/p>\n<p>Subray\u00f3 que la seguridad se construye con presencia territorial y corresponsabilidad social, por lo que llam\u00f3 a madres y padres a involucrarse en el cuidado de sus hijas e hijos.<br \/>\n\u201cNosotros cuidamos el territorio; ustedes ayuden cuidando sus hogares, ah\u00ed empieza la paz\u201d, expres\u00f3.<\/p>\n<p>El cuartel forma parte del despliegue nacional para garantizar seguridad en zonas prioritarias; registra un avance f\u00edsico cercano al 46 por ciento, con una inversi\u00f3n superior a 71 millones de pesos en un terreno de 25 mil metros cuadrados. Inici\u00f3 el 20 de noviembre de 2025 y concluir\u00e1 en julio de este a\u00f1o.<\/p>\n<p>Contar\u00e1 con comandancia, aulas de formaci\u00f3n, \u00e1reas para personal femenino y masculino, as\u00ed como resguardo de armamento, lo que fortalecer\u00e1 la capacidad operativa y la proximidad social.<\/p>\n<p>La obra responde a una demanda ciudadana y permitir\u00e1 reforzar la prevenci\u00f3n del delito, la vigilancia y la reconstrucci\u00f3n del tejido social en beneficio de las familias veracruzanas.<\/p>\n<p>En la supervisi\u00f3n acompa\u00f1aron el secretario de Gobierno, Ricardo Ahued Bardahuil; la senadora Raquel Bonilla Herrera; la diputada local, Miriam Garc\u00eda Guzm\u00e1n; y los alcaldes de Coyutla y Papantla, Yamuri Emmanuel Palacio Aldana y Gonzalo Flores Castellanos, respectivamente.<\/p>\n<p>&#8212;000&#8212;<\/p>\n<div id='gallery-1' class='gallery galleryid-19845 gallery-columns-3 gallery-size-large'><figure class='gallery-item'>\n\t\t\t<div class='gallery-icon landscape'>\n\t\t\t\t<a href='https:\/\/www.diarioholaveracruz.com.mx\/sitio\/img-20260429-wa0051\/'><img loading=\"lazy\" loading=\"lazy\" decoding=\"async\" width=\"1024\" height=\"683\" src=\"https:\/\/www.diarioholaveracruz.com.mx\/sitio\/wp-content\/uploads\/2026\/04\/IMG-20260429-WA0051-1024x683.jpg\" class=\"attachment-large size-large\" alt=\"\" \/><\/a>\n\t\t\t<\/div><\/figure><figure class='gallery-item'>\n\t\t\t<div class='gallery-icon landscape'>\n\t\t\t\t<a href='https:\/\/www.diarioholaveracruz.com.mx\/sitio\/img-20260429-wa0056\/'><img loading=\"lazy\" loading=\"lazy\" decoding=\"async\" width=\"1024\" height=\"684\" src=\"https:\/\/www.diarioholaveracruz.com.mx\/sitio\/wp-content\/uploads\/2026\/04\/IMG-20260429-WA0056-1024x684.jpg\" class=\"attachment-large size-large\" alt=\"\" \/><\/a>\n\t\t\t<\/div><\/figure><figure class='gallery-item'>\n\t\t\t<div class='gallery-icon landscape'>\n\t\t\t\t<a href='https:\/\/www.diarioholaveracruz.com.mx\/sitio\/img-20260429-wa0052\/'><img loading=\"lazy\" loading=\"lazy\" decoding=\"async\" width=\"1024\" height=\"683\" src=\"https:\/\/www.diarioholaveracruz.com.mx\/sitio\/wp-content\/uploads\/2026\/04\/IMG-20260429-WA0052-1024x683.jpg\" class=\"attachment-large size-large\" alt=\"\" \/><\/a>\n\t\t\t<\/div><\/figure><figure class='gallery-item'>\n\t\t\t<div class='gallery-icon landscape'>\n\t\t\t\t<a href='https:\/\/www.diarioholaveracruz.com.mx\/sitio\/img-20260429-wa0053\/'><img loading=\"lazy\" loading=\"lazy\" decoding=\"async\" width=\"1024\" height=\"683\" src=\"https:\/\/www.diarioholaveracruz.com.mx\/sitio\/wp-content\/uploads\/2026\/04\/IMG-20260429-WA0053-1024x683.jpg\" class=\"attachment-large size-large\" alt=\"\" \/><\/a>\n\t\t\t<\/div><\/figure><figure class='gallery-item'>\n\t\t\t<div class='gallery-icon landscape'>\n\t\t\t\t<a href='https:\/\/www.diarioholaveracruz.com.mx\/sitio\/img-20260429-wa0055\/'><img loading=\"lazy\" loading=\"lazy\" decoding=\"async\" width=\"1024\" height=\"683\" src=\"https:\/\/www.diarioholaveracruz.com.mx\/sitio\/wp-content\/uploads\/2026\/04\/IMG-20260429-WA0055-1024x683.jpg\" class=\"attachment-large size-large\" alt=\"\" \/><\/a>\n\t\t\t<\/div><\/figure><figure class='gallery-item'>\n\t\t\t<div class='gallery-icon landscape'>\n\t\t\t\t<a href='https:\/\/www.diarioholaveracruz.com.mx\/sitio\/img-20260429-wa0054\/'><img loading=\"lazy\" loading=\"lazy\" decoding=\"async\" width=\"1024\" height=\"683\" src=\"https:\/\/www.diarioholaveracruz.com.mx\/sitio\/wp-content\/uploads\/2026\/04\/IMG-20260429-WA0054-1024x683.jpg\" class=\"attachment-large size-large\" alt=\"\" \/><\/a>\n\t\t\t<\/div><\/figure><figure class='gallery-item'>\n\t\t\t<div class='gallery-icon landscape'>\n\t\t\t\t<a href='https:\/\/www.diarioholaveracruz.com.mx\/sitio\/img-20260429-wa0057\/'><img loading=\"lazy\" loading=\"lazy\" decoding=\"async\" width=\"1024\" height=\"683\" src=\"https:\/\/www.diarioholaveracruz.com.mx\/sitio\/wp-content\/uploads\/2026\/04\/IMG-20260429-WA0057-1024x683.jpg\" class=\"attachment-large size-large\" alt=\"\" \/><\/a>\n\t\t\t<\/div><\/figure>\n\t\t<\/div>\n\n","protected":false},"excerpt":{"rendered":"<p>Coyutla, Ver., mi\u00e9rcoles 29 de abril de 2026.- Como parte de la estrategia de seguridad centrada en el bienestar y la atenci\u00f3n a las causas, la gobernadora Roc\u00edo Nahle Garc\u00eda, junto con mandos de la Guardia Nacional, supervisaron la construcci\u00f3n del cuartel en Coyutla, infraestructura clave para fortalecer la paz en el Totonacapan. Subray\u00f3 que [&hellip;]<\/p>\n","protected":false},"author":2,"featured_media":19871,"comment_status":"open","ping_status":"open","sticky":false,"template":"","format":"standard","meta":{"pagelayer_contact_templates":[],"_pagelayer_content":"","footnotes":""},"categories":[50,44],"tags":[],"class_list":{"0":"post-19845","1":"post","2":"type-post","3":"status-publish","4":"format-standard","5":"has-post-thumbnail","7":"category-destacadas","8":"category-estatal"},"_links":{"self":[{"href":"https:\/\/www.diarioholaveracruz.com.mx\/sitio\/wp-json\/wp\/v2\/posts\/19845","targetHints":{"allow":["GET"]}}],"collection":[{"href":"https:\/\/www.diarioholaveracruz.com.mx\/sitio\/wp-json\/wp\/v2\/posts"}],"about":[{"href":"https:\/\/www.diarioholaveracruz.com.mx\/sitio\/wp-json\/wp\/v2\/types\/post"}],"author":[{"embeddable":true,"href":"https:\/\/www.diarioholaveracruz.com.mx\/sitio\/wp-json\/wp\/v2\/users\/2"}],"replies":[{"embeddable":true,"href":"https:\/\/www.diarioholaveracruz.com.mx\/sitio\/wp-json\/wp\/v2\/comments?post=19845"}],"version-history":[{"count":1,"href":"https:\/\/www.diarioholaveracruz.com.mx\/sitio\/wp-json\/wp\/v2\/posts\/19845\/revisions"}],"predecessor-version":[{"id":19875,"href":"https:\/\/www.diarioholaveracruz.com.mx\/sitio\/wp-json\/wp\/v2\/posts\/19845\/revisions\/19875"}],"wp:featuredmedia":[{"embeddable":true,"href":"https:\/\/www.diarioholaveracruz.com.mx\/sitio\/wp-json\/wp\/v2\/media\/19871"}],"wp:attachment":[{"href":"https:\/\/www.diarioholaveracruz.com.mx\/sitio\/wp-json\/wp\/v2\/media?parent=19845"}],"wp:term":[{"taxonomy":"category","embeddable":true,"href":"https:\/\/www.diarioholaveracruz.com.mx\/sitio\/wp-json\/wp\/v2\/categories?post=19845"},{"taxonomy":"post_tag","embeddable":true,"href":"https:\/\/www.diarioholaveracruz.com.mx\/sitio\/wp-json\/wp\/v2\/tags?post=19845"}],"curies":[{"name":"wp","href":"https:\/\/api.w.org\/{rel}","templated":true}]}}