{"id":19847,"date":"2026-04-29T19:06:15","date_gmt":"2026-04-30T01:06:15","guid":{"rendered":"https:\/\/www.diarioholaveracruz.com.mx\/sitio\/?p=19847"},"modified":"2026-04-29T19:06:15","modified_gmt":"2026-04-30T01:06:15","slug":"turismo-comunitario-motor-de-desarrollo-en-la-region-totonaca","status":"publish","type":"post","link":"https:\/\/www.diarioholaveracruz.com.mx\/sitio\/turismo-comunitario-motor-de-desarrollo-en-la-region-totonaca\/","title":{"rendered":"Turismo comunitario, motor de desarrollo en la regi\u00f3n Totonaca"},"content":{"rendered":"<p>Acapulco, Gro., mi\u00e9rcoles 29 de abril de 2026.- En el marco del Tianguis Tur\u00edstico, el Gobierno del Estado, a trav\u00e9s de las secretar\u00edas de Cultura de Veracruz (SECVER) y de Turismo (SECTUR), acompa\u00f1\u00f3 la promoci\u00f3n de la oferta de turismo comunitario, propuesta que coloca en el centro a las comunidades, sus tradiciones y su entorno natural como generadores de experiencias aut\u00e9nticas.<\/p>\n<p>Durante la conferencia Turismo Comunitario de la Regi\u00f3n Totonaca, realizada en colaboraci\u00f3n con el proyecto Ruta Taj\u00edn y la agencia GS Tours, se destac\u00f3 la riqueza cultural de los pueblos originarios, as\u00ed como la importancia del trabajo comunitario como eje para preservar tradiciones, fortalecer la identidad colectiva y generar experiencias aut\u00e9nticas para visitantes nacionales e internacionales.<\/p>\n<p>La ponencia fue presidida por Guillermo Salinas Cedillo, presidente de la Asociaci\u00f3n Mexicana de Hoteles y Moteles del Norte del Estado de Veracruz A.C., quien subray\u00f3 que este modelo tur\u00edstico contribuye a la conservaci\u00f3n de la identidad cultural de los pueblos originarios. <\/p>\n<p>Se\u00f1al\u00f3 que, al integrar la vestimenta tradicional, los saberes, las leyendas y las experiencias comunitarias transmitidas de generaci\u00f3n en generaci\u00f3n, se garantiza la salvaguardia de la memoria colectiva y la historia ancestral.<\/p>\n<p>La titular de SECVER, X\u00f3chitl Molina Gonz\u00e1lez, subray\u00f3 que Veracruz cuenta con una riqueza cultural \u00fanica que debe visibilizarse mediante modelos que reconozcan a las comunidades como protagonistas, al tiempo que fomenten la preservaci\u00f3n de sus tradiciones.<\/p>\n<p>Por su parte, el secretario de Turismo, Igor Roji L\u00f3pez, destac\u00f3 que la regi\u00f3n Totonaca es un referente internacional y que el turismo comunitario representa una oportunidad para diversificar la oferta tur\u00edstica del estado, generar beneficios directos para las familias y fortalecer las econom\u00edas locales.<\/p>\n<p>Durante la actividad, las y los asistentes disfrutaron de presentaciones y degustaciones gastron\u00f3micas representativas de la regi\u00f3n, as\u00ed como de una demostraci\u00f3n de vainilla, considerada una experiencia ancestral del Totonacapan. <\/p>\n<p>Esta experiencia sensorial estuvo a cargo de la productora Lizbeth Jim\u00e9nez, quien comparti\u00f3 el valor hist\u00f3rico, cultural y productivo de este emblem\u00e1tico ingrediente veracruzano, destac\u00e1ndolo como un puente entre el pasado prehisp\u00e1nico y la productividad actual.<\/p>\n<p>La jornada concluy\u00f3 con la presentaci\u00f3n de la danza tradicional de los Huahuas, ritual prehisp\u00e1nico totonaca que honra al sol y a la fertilidad agr\u00edcola, y que refleja la identidad, el legado y la fuerza espiritual y cultural de los pueblos originarios del Totonacapan. Como parte de las actividades, tambi\u00e9n se llev\u00f3 a cabo el sorteo de una experiencia todo incluido en la regi\u00f3n, con el prop\u00f3sito de acercar a las y los asistentes a las vivencias aut\u00e9nticas que ofrece este destino.<br \/>\n&#8212;000&#8211;<\/p>\n<div id='gallery-1' class='gallery galleryid-19847 gallery-columns-3 gallery-size-large'><figure class='gallery-item'>\n\t\t\t<div class='gallery-icon landscape'>\n\t\t\t\t<a href='https:\/\/www.diarioholaveracruz.com.mx\/sitio\/img-20260429-wa0060\/'><img loading=\"lazy\" loading=\"lazy\" decoding=\"async\" width=\"1024\" height=\"683\" src=\"https:\/\/www.diarioholaveracruz.com.mx\/sitio\/wp-content\/uploads\/2026\/04\/IMG-20260429-WA0060-1024x683.jpg\" class=\"attachment-large size-large\" alt=\"\" \/><\/a>\n\t\t\t<\/div><\/figure><figure class='gallery-item'>\n\t\t\t<div class='gallery-icon landscape'>\n\t\t\t\t<a href='https:\/\/www.diarioholaveracruz.com.mx\/sitio\/img-20260429-wa0065-2\/'><img loading=\"lazy\" loading=\"lazy\" decoding=\"async\" width=\"1024\" height=\"683\" src=\"https:\/\/www.diarioholaveracruz.com.mx\/sitio\/wp-content\/uploads\/2026\/04\/IMG-20260429-WA0065-1-1024x683.jpg\" class=\"attachment-large size-large\" alt=\"\" \/><\/a>\n\t\t\t<\/div><\/figure><figure class='gallery-item'>\n\t\t\t<div class='gallery-icon landscape'>\n\t\t\t\t<a href='https:\/\/www.diarioholaveracruz.com.mx\/sitio\/img-20260429-wa0064\/'><img loading=\"lazy\" loading=\"lazy\" decoding=\"async\" width=\"1024\" height=\"683\" src=\"https:\/\/www.diarioholaveracruz.com.mx\/sitio\/wp-content\/uploads\/2026\/04\/IMG-20260429-WA0064-1024x683.jpg\" class=\"attachment-large size-large\" alt=\"\" \/><\/a>\n\t\t\t<\/div><\/figure><figure class='gallery-item'>\n\t\t\t<div class='gallery-icon landscape'>\n\t\t\t\t<a href='https:\/\/www.diarioholaveracruz.com.mx\/sitio\/img-20260429-wa0063\/'><img loading=\"lazy\" loading=\"lazy\" decoding=\"async\" width=\"1024\" height=\"682\" src=\"https:\/\/www.diarioholaveracruz.com.mx\/sitio\/wp-content\/uploads\/2026\/04\/IMG-20260429-WA0063-1024x682.jpg\" class=\"attachment-large size-large\" alt=\"\" \/><\/a>\n\t\t\t<\/div><\/figure><figure class='gallery-item'>\n\t\t\t<div class='gallery-icon landscape'>\n\t\t\t\t<a href='https:\/\/www.diarioholaveracruz.com.mx\/sitio\/img-20260429-wa0062\/'><img loading=\"lazy\" loading=\"lazy\" decoding=\"async\" width=\"1024\" height=\"682\" src=\"https:\/\/www.diarioholaveracruz.com.mx\/sitio\/wp-content\/uploads\/2026\/04\/IMG-20260429-WA0062-1024x682.jpg\" class=\"attachment-large size-large\" alt=\"\" \/><\/a>\n\t\t\t<\/div><\/figure>\n\t\t<\/div>\n\n","protected":false},"excerpt":{"rendered":"<p>Acapulco, Gro., mi\u00e9rcoles 29 de abril de 2026.- En el marco del Tianguis Tur\u00edstico, el Gobierno del Estado, a trav\u00e9s de las secretar\u00edas de Cultura de Veracruz (SECVER) y de Turismo (SECTUR), acompa\u00f1\u00f3 la promoci\u00f3n de la oferta de turismo comunitario, propuesta que coloca en el centro a las comunidades, sus tradiciones y su entorno [&hellip;]<\/p>\n","protected":false},"author":2,"featured_media":19867,"comment_status":"open","ping_status":"open","sticky":false,"template":"","format":"standard","meta":{"pagelayer_contact_templates":[],"_pagelayer_content":"","footnotes":""},"categories":[50,44],"tags":[],"class_list":{"0":"post-19847","1":"post","2":"type-post","3":"status-publish","4":"format-standard","5":"has-post-thumbnail","7":"category-destacadas","8":"category-estatal"},"_links":{"self":[{"href":"https:\/\/www.diarioholaveracruz.com.mx\/sitio\/wp-json\/wp\/v2\/posts\/19847","targetHints":{"allow":["GET"]}}],"collection":[{"href":"https:\/\/www.diarioholaveracruz.com.mx\/sitio\/wp-json\/wp\/v2\/posts"}],"about":[{"href":"https:\/\/www.diarioholaveracruz.com.mx\/sitio\/wp-json\/wp\/v2\/types\/post"}],"author":[{"embeddable":true,"href":"https:\/\/www.diarioholaveracruz.com.mx\/sitio\/wp-json\/wp\/v2\/users\/2"}],"replies":[{"embeddable":true,"href":"https:\/\/www.diarioholaveracruz.com.mx\/sitio\/wp-json\/wp\/v2\/comments?post=19847"}],"version-history":[{"count":1,"href":"https:\/\/www.diarioholaveracruz.com.mx\/sitio\/wp-json\/wp\/v2\/posts\/19847\/revisions"}],"predecessor-version":[{"id":19876,"href":"https:\/\/www.diarioholaveracruz.com.mx\/sitio\/wp-json\/wp\/v2\/posts\/19847\/revisions\/19876"}],"wp:featuredmedia":[{"embeddable":true,"href":"https:\/\/www.diarioholaveracruz.com.mx\/sitio\/wp-json\/wp\/v2\/media\/19867"}],"wp:attachment":[{"href":"https:\/\/www.diarioholaveracruz.com.mx\/sitio\/wp-json\/wp\/v2\/media?parent=19847"}],"wp:term":[{"taxonomy":"category","embeddable":true,"href":"https:\/\/www.diarioholaveracruz.com.mx\/sitio\/wp-json\/wp\/v2\/categories?post=19847"},{"taxonomy":"post_tag","embeddable":true,"href":"https:\/\/www.diarioholaveracruz.com.mx\/sitio\/wp-json\/wp\/v2\/tags?post=19847"}],"curies":[{"name":"wp","href":"https:\/\/api.w.org\/{rel}","templated":true}]}}