{"id":19879,"date":"2026-04-29T19:56:32","date_gmt":"2026-04-30T01:56:32","guid":{"rendered":"https:\/\/www.diarioholaveracruz.com.mx\/sitio\/?p=19879"},"modified":"2026-04-29T20:56:46","modified_gmt":"2026-04-30T02:56:46","slug":"anuncia-gobernadora-autobuses-huasteco-para-poza-rica","status":"publish","type":"post","link":"https:\/\/www.diarioholaveracruz.com.mx\/sitio\/anuncia-gobernadora-autobuses-huasteco-para-poza-rica\/","title":{"rendered":"Anuncia Gobernadora autobuses Huasteco para Poza Rica"},"content":{"rendered":"<p>Poza Rica, Ver., mi\u00e9rcoles 29 de abril de 2026.\u2013 La gobernadora Roc\u00edo Nahle Garc\u00eda anunci\u00f3, junto con la presidenta municipal de Poza Rica, Adanely Rodr\u00edguez Rodr\u00edguez, y el secretario t\u00e9cnico del Fideicomiso de Transporte, Enrique Santos Mendoza, la puesta en marcha del sistema Huasteco, que operar\u00e1 en Poza Rica y Coatzintla con 40 unidades y tres rutas.<\/p>\n<p>Lo anterior forma parte de la estrategia estatal de modernizaci\u00f3n del transporte p\u00fablico y prev\u00e9 la adquisici\u00f3n de los autobuses en los pr\u00f3ximos meses, con miras a iniciar operaciones a finales de este a\u00f1o.<\/p>\n<p><iframe loading=\"lazy\" style=\"border: none; overflow: hidden;\" src=\"https:\/\/www.facebook.com\/plugins\/video.php?height=314&amp;href=https%3A%2F%2Fwww.facebook.com%2Freel%2F1708258400606214%2F&amp;show_text=false&amp;width=560&amp;t=0\" width=\"560\" height=\"314\" frameborder=\"0\" scrolling=\"no\" allowfullscreen=\"allowfullscreen\"><\/iframe><\/p>\n<p>Subray\u00f3 que el Huasteco ser\u00e1 una alternativa adicional de movilidad, sin afectar a los concesionarios de taxis, quienes continuar\u00e1n prestando servicio en una regi\u00f3n donde predominan los colectivos.<\/p>\n<p>El proyecto ser\u00e1 operado mediante el Fideicomiso P\u00fablico, Irrevocable de Administraci\u00f3n, Inversi\u00f3n y Pagos para la Modernizaci\u00f3n del Sistema de Transporte P\u00fablico de Pasajeros, lo que garantizar\u00e1 su administraci\u00f3n, mantenimiento y viabilidad financiera.<\/p>\n<p>La Gobernadora precis\u00f3 que el esquema replica el modelo aplicado en la zona conurbada Veracruz\u2013Boca del R\u00edo con Ul\u00faa; en Coatzacoalcos, con Quetzalli; y pr\u00f3ximamente en Xalapa, con Olmeca, apuntalando una red de transporte moderno en el estado.<\/p>\n<p>Finalmente, destac\u00f3 que esta acci\u00f3n responde al compromiso de transformar la movilidad en Veracruz mediante sistemas m\u00e1s eficientes, seguros y accesibles en beneficio de la poblaci\u00f3n.<\/p>\n<p>&#8212;000&#8212;<\/p>\n","protected":false},"excerpt":{"rendered":"<p>Poza Rica, Ver., mi\u00e9rcoles 29 de abril de 2026.\u2013 La gobernadora Roc\u00edo Nahle Garc\u00eda anunci\u00f3, junto con la presidenta municipal de Poza Rica, Adanely Rodr\u00edguez Rodr\u00edguez, y el secretario t\u00e9cnico del Fideicomiso de Transporte, Enrique Santos Mendoza, la puesta en marcha del sistema Huasteco, que operar\u00e1 en Poza Rica y Coatzintla con 40 unidades y [&hellip;]<\/p>\n","protected":false},"author":2,"featured_media":0,"comment_status":"open","ping_status":"open","sticky":false,"template":"","format":"standard","meta":{"pagelayer_contact_templates":[],"_pagelayer_content":"","footnotes":""},"categories":[43,45],"tags":[],"class_list":{"0":"post-19879","1":"post","2":"type-post","3":"status-publish","4":"format-standard","6":"category-notas_locales","7":"category-poza_rica"},"_links":{"self":[{"href":"https:\/\/www.diarioholaveracruz.com.mx\/sitio\/wp-json\/wp\/v2\/posts\/19879","targetHints":{"allow":["GET"]}}],"collection":[{"href":"https:\/\/www.diarioholaveracruz.com.mx\/sitio\/wp-json\/wp\/v2\/posts"}],"about":[{"href":"https:\/\/www.diarioholaveracruz.com.mx\/sitio\/wp-json\/wp\/v2\/types\/post"}],"author":[{"embeddable":true,"href":"https:\/\/www.diarioholaveracruz.com.mx\/sitio\/wp-json\/wp\/v2\/users\/2"}],"replies":[{"embeddable":true,"href":"https:\/\/www.diarioholaveracruz.com.mx\/sitio\/wp-json\/wp\/v2\/comments?post=19879"}],"version-history":[{"count":3,"href":"https:\/\/www.diarioholaveracruz.com.mx\/sitio\/wp-json\/wp\/v2\/posts\/19879\/revisions"}],"predecessor-version":[{"id":19885,"href":"https:\/\/www.diarioholaveracruz.com.mx\/sitio\/wp-json\/wp\/v2\/posts\/19879\/revisions\/19885"}],"wp:attachment":[{"href":"https:\/\/www.diarioholaveracruz.com.mx\/sitio\/wp-json\/wp\/v2\/media?parent=19879"}],"wp:term":[{"taxonomy":"category","embeddable":true,"href":"https:\/\/www.diarioholaveracruz.com.mx\/sitio\/wp-json\/wp\/v2\/categories?post=19879"},{"taxonomy":"post_tag","embeddable":true,"href":"https:\/\/www.diarioholaveracruz.com.mx\/sitio\/wp-json\/wp\/v2\/tags?post=19879"}],"curies":[{"name":"wp","href":"https:\/\/api.w.org\/{rel}","templated":true}]}}