{"id":19919,"date":"2026-04-30T09:00:07","date_gmt":"2026-04-30T15:00:07","guid":{"rendered":"https:\/\/www.diarioholaveracruz.com.mx\/sitio\/?p=19919"},"modified":"2026-04-30T09:02:25","modified_gmt":"2026-04-30T15:02:25","slug":"ninas-y-ninos-asumen-el-cabildo-infantil-2026","status":"publish","type":"post","link":"https:\/\/www.diarioholaveracruz.com.mx\/sitio\/ninas-y-ninos-asumen-el-cabildo-infantil-2026\/","title":{"rendered":"Ni\u00f1as y ni\u00f1os asumen el cabildo infantil 2026"},"content":{"rendered":"<p>Participan en diversas actividades<\/p>\n<p>GUTI\u00c9RREZ ZAMORA, VER.\u2013 En el marco de las celebraciones por el D\u00eda del Ni\u00f1o, se llev\u00f3 a cabo la toma de protesta del cabildo infantil 2026 en las instalaciones del palacio municipal, donde estudiantes de nivel primaria vivieron la experiencia de asumir responsabilidades p\u00fablicas de manera simb\u00f3lica.<\/p>\n<p>El acto cont\u00f3 con la presencia del alcalde Carlos Ra\u00fal Silva Vega, integrantes del cuerpo edilicio y el secretario del Ayuntamiento, quienes encabezaron la ceremonia en la sala de cabildo, como parte de sus primeras actividades, el cabildo infantil, integrado por siete alumnos de distintas instituciones educativas del municipio, particip\u00f3 en la atenci\u00f3n a ciudadanos durante la jornada de mi\u00e9rcoles ciudadano.<\/p>\n<p>Posteriormente, las y los peque\u00f1os funcionarios realizaron la entrega de reconocimientos a prestadores de servicios que concluyeron un curso de liderazgo impartido por la Secretar\u00eda de Turismo, destacando as\u00ed la importancia de la formaci\u00f3n y el compromiso en el desarrollo local.<\/p>\n<p>La jornada continu\u00f3 con la fotograf\u00eda oficial en la oficina del alcalde y un recorrido por diversas \u00e1reas del Ayuntamiento, incluyendo el DIF municipal, casa de cultura, estaci\u00f3n de radio y la comandancia, con el prop\u00f3sito de que los participantes conocieran el trabajo que se realiza en cada dependencia.<\/p>\n<p>Durante su mensaje, el presidente municipal invit\u00f3 a las ni\u00f1as y ni\u00f1os a integrarse en las actividades programadas a lo largo de la semana, con el fin de que contin\u00faen aprendiendo sobre las funciones del gobierno y fortalezcan su formaci\u00f3n c\u00edvica.<\/p>\n<div id='gallery-1' class='gallery galleryid-19919 gallery-columns-3 gallery-size-large'><figure class='gallery-item'>\n\t\t\t<div class='gallery-icon landscape'>\n\t\t\t\t<a href='https:\/\/www.diarioholaveracruz.com.mx\/sitio\/img-20260430-wa0001\/'><img loading=\"lazy\" loading=\"lazy\" decoding=\"async\" width=\"1024\" height=\"681\" src=\"https:\/\/www.diarioholaveracruz.com.mx\/sitio\/wp-content\/uploads\/2026\/04\/IMG-20260430-WA0001-1024x681.jpg\" class=\"attachment-large size-large\" alt=\"\" \/><\/a>\n\t\t\t<\/div><\/figure><figure class='gallery-item'>\n\t\t\t<div class='gallery-icon landscape'>\n\t\t\t\t<a href='https:\/\/www.diarioholaveracruz.com.mx\/sitio\/img-20260430-wa0002\/'><img loading=\"lazy\" loading=\"lazy\" decoding=\"async\" width=\"1024\" height=\"576\" src=\"https:\/\/www.diarioholaveracruz.com.mx\/sitio\/wp-content\/uploads\/2026\/04\/IMG-20260430-WA0002-1024x576.jpg\" class=\"attachment-large size-large\" alt=\"\" \/><\/a>\n\t\t\t<\/div><\/figure>\n\t\t<\/div>\n\n","protected":false},"excerpt":{"rendered":"<p>Participan en diversas actividades GUTI\u00c9RREZ ZAMORA, VER.\u2013 En el marco de las celebraciones por el D\u00eda del Ni\u00f1o, se llev\u00f3 a cabo la toma de protesta del cabildo infantil 2026 en las instalaciones del palacio municipal, donde estudiantes de nivel primaria vivieron la experiencia de asumir responsabilidades p\u00fablicas de manera simb\u00f3lica. El acto cont\u00f3 con [&hellip;]<\/p>\n","protected":false},"author":2,"featured_media":19913,"comment_status":"open","ping_status":"open","sticky":false,"template":"","format":"standard","meta":{"pagelayer_contact_templates":[],"_pagelayer_content":"","footnotes":""},"categories":[50,44],"tags":[],"class_list":{"0":"post-19919","1":"post","2":"type-post","3":"status-publish","4":"format-standard","5":"has-post-thumbnail","7":"category-destacadas","8":"category-estatal"},"_links":{"self":[{"href":"https:\/\/www.diarioholaveracruz.com.mx\/sitio\/wp-json\/wp\/v2\/posts\/19919","targetHints":{"allow":["GET"]}}],"collection":[{"href":"https:\/\/www.diarioholaveracruz.com.mx\/sitio\/wp-json\/wp\/v2\/posts"}],"about":[{"href":"https:\/\/www.diarioholaveracruz.com.mx\/sitio\/wp-json\/wp\/v2\/types\/post"}],"author":[{"embeddable":true,"href":"https:\/\/www.diarioholaveracruz.com.mx\/sitio\/wp-json\/wp\/v2\/users\/2"}],"replies":[{"embeddable":true,"href":"https:\/\/www.diarioholaveracruz.com.mx\/sitio\/wp-json\/wp\/v2\/comments?post=19919"}],"version-history":[{"count":3,"href":"https:\/\/www.diarioholaveracruz.com.mx\/sitio\/wp-json\/wp\/v2\/posts\/19919\/revisions"}],"predecessor-version":[{"id":19934,"href":"https:\/\/www.diarioholaveracruz.com.mx\/sitio\/wp-json\/wp\/v2\/posts\/19919\/revisions\/19934"}],"wp:featuredmedia":[{"embeddable":true,"href":"https:\/\/www.diarioholaveracruz.com.mx\/sitio\/wp-json\/wp\/v2\/media\/19913"}],"wp:attachment":[{"href":"https:\/\/www.diarioholaveracruz.com.mx\/sitio\/wp-json\/wp\/v2\/media?parent=19919"}],"wp:term":[{"taxonomy":"category","embeddable":true,"href":"https:\/\/www.diarioholaveracruz.com.mx\/sitio\/wp-json\/wp\/v2\/categories?post=19919"},{"taxonomy":"post_tag","embeddable":true,"href":"https:\/\/www.diarioholaveracruz.com.mx\/sitio\/wp-json\/wp\/v2\/tags?post=19919"}],"curies":[{"name":"wp","href":"https:\/\/api.w.org\/{rel}","templated":true}]}}